{"id":13553,"date":"2020-07-23T13:05:08","date_gmt":"2020-07-23T13:05:08","guid":{"rendered":"https:\/\/www.radiopresidenteibanez.cl\/web\/?p=13553"},"modified":"2020-07-23T13:05:24","modified_gmt":"2020-07-23T13:05:24","slug":"fiscalia-capacito-a-profesionales-de-educacion-municipal-en-la-nueva-ley-de-entrevista-investigativa-videograbada-y-acoso-callejero","status":"publish","type":"post","link":"https:\/\/www.radiopresidenteibanez.cl\/web\/fiscalia-capacito-a-profesionales-de-educacion-municipal-en-la-nueva-ley-de-entrevista-investigativa-videograbada-y-acoso-callejero\/","title":{"rendered":"FISCAL\u00cdA CAPACIT\u00d3 A PROFESIONALES DE EDUCACI\u00d3N MUNICIPAL EN LA NUEVA LEY DE ENTREVISTA INVESTIGATIVA VIDEOGRABADA Y ACOSO CALLEJERO"},"content":{"rendered":"\n<p>Integrantes de los equipos de convivencia escolar,\npsic\u00f3logos, trabajadores sociales, inspectores generales, orientadores y\nprofesionales de los programas de integraci\u00f3n&nbsp;\nde los 29 establecimientos de educaci\u00f3n&nbsp;\nmunicipal&nbsp; de Punta Arenas,\nparticiparon de una did\u00e1ctica charla educativa realizada por el Fiscal jefe de\nPunta Arenas y especialista en la investigaci\u00f3n de delitos sexuales, Fernando\nDobson Soto, en la cual se abord\u00f3 la nueva Ley, 21.057, que regula las\nentrevistas grabadas en video y otras medidas de resguardo a menores de edad,\nv\u00edctimas de delitos sexuales, violentos y trata de personas, entre otros, como\ntambi\u00e9n la nueva Ley de Acoso Callejero.<\/p>\n\n\n\n<p>La actividad fue inaugurada por el Fiscal Regional de\nMagallanes y de la Ant\u00e1rtica Chilena Eugenio Campos Lucero y por el\nSecretario&nbsp; General de la\nCorporaci\u00f3n&nbsp; Municipal de Punta Arenas,\nSegundo \u00c1lvarez&nbsp; participando de ella m\u00e1s\nde 70 funcionarios de educaci\u00f3n mediante la modalidad de videoconferencia.<\/p>\n\n\n\n<p>La actividad es parte de un programa de capacitaci\u00f3n\norganizado por la Fiscal\u00eda Regional y la Corporaci\u00f3n Municipal de Educaci\u00f3n y\nSalud y atenci\u00f3n al Menor de Punta Arenas,&nbsp;\nvigente desde hace 3 a\u00f1os, cuyo fin es la prevenci\u00f3n, coordinaci\u00f3n\ninterinstitucional y profundizaci\u00f3n de conocimientos en materia penal. <\/p>\n","protected":false},"excerpt":{"rendered":"<p>Integrantes de los equipos de convivencia escolar, psic\u00f3logos, trabajadores sociales, inspectores generales, orientadores y profesionales de los programas de integraci\u00f3n&nbsp; de los 29 establecimientos de educaci\u00f3n&nbsp; municipal&nbsp; de Punta Arenas,&#8230; <a class=\"read-more\" href=\"https:\/\/www.radiopresidenteibanez.cl\/web\/fiscalia-capacito-a-profesionales-de-educacion-municipal-en-la-nueva-ley-de-entrevista-investigativa-videograbada-y-acoso-callejero\/\">Leer m\u00e1s<\/a><\/p>\n","protected":false},"author":2,"featured_media":13554,"comment_status":"closed","ping_status":"closed","sticky":false,"template":"","format":"standard","meta":{"footnotes":""},"categories":[1],"tags":[],"class_list":["post-13553","post","type-post","status-publish","format-standard","has-post-thumbnail","hentry","category-cronica"],"_links":{"self":[{"href":"https:\/\/www.radiopresidenteibanez.cl\/web\/wp-json\/wp\/v2\/posts\/13553","targetHints":{"allow":["GET"]}}],"collection":[{"href":"https:\/\/www.radiopresidenteibanez.cl\/web\/wp-json\/wp\/v2\/posts"}],"about":[{"href":"https:\/\/www.radiopresidenteibanez.cl\/web\/wp-json\/wp\/v2\/types\/post"}],"author":[{"embeddable":true,"href":"https:\/\/www.radiopresidenteibanez.cl\/web\/wp-json\/wp\/v2\/users\/2"}],"replies":[{"embeddable":true,"href":"https:\/\/www.radiopresidenteibanez.cl\/web\/wp-json\/wp\/v2\/comments?post=13553"}],"version-history":[{"count":0,"href":"https:\/\/www.radiopresidenteibanez.cl\/web\/wp-json\/wp\/v2\/posts\/13553\/revisions"}],"wp:featuredmedia":[{"embeddable":true,"href":"https:\/\/www.radiopresidenteibanez.cl\/web\/wp-json\/wp\/v2\/media\/13554"}],"wp:attachment":[{"href":"https:\/\/www.radiopresidenteibanez.cl\/web\/wp-json\/wp\/v2\/media?parent=13553"}],"wp:term":[{"taxonomy":"category","embeddable":true,"href":"https:\/\/www.radiopresidenteibanez.cl\/web\/wp-json\/wp\/v2\/categories?post=13553"},{"taxonomy":"post_tag","embeddable":true,"href":"https:\/\/www.radiopresidenteibanez.cl\/web\/wp-json\/wp\/v2\/tags?post=13553"}],"curies":[{"name":"wp","href":"https:\/\/api.w.org\/{rel}","templated":true}]}}