{"id":13548,"date":"2020-07-23T12:55:53","date_gmt":"2020-07-23T12:55:53","guid":{"rendered":"https:\/\/www.radiopresidenteibanez.cl\/web\/?p=13548"},"modified":"2020-07-23T12:55:57","modified_gmt":"2020-07-23T12:55:57","slug":"con-mas-de-600-millones-servicio-de-salud-implementa-programa-aps-a-punto-en-magallanes","status":"publish","type":"post","link":"https:\/\/www.radiopresidenteibanez.cl\/web\/con-mas-de-600-millones-servicio-de-salud-implementa-programa-aps-a-punto-en-magallanes\/","title":{"rendered":"CON M\u00c1S DE 600 MILLONES SERVICIO DE SALUD IMPLEMENTA PROGRAMA \u201cAPS A PUNTO\u201d EN MAGALLANES"},"content":{"rendered":"\n<p>Con el objetivo de\nmejorar la satisfacci\u00f3n usuaria y calidad percibida por los usuarios de la\nAtenci\u00f3n Primaria de Salud de la regi\u00f3n, el Servicio de Salud Magallanes inici\u00f3\nrecientemente la ejecuci\u00f3n de la estrategia \u201cAPS a Punto\u201d, tendiente a efectuar\nmejoras y conservaci\u00f3n de infraestructura en los establecimientos pertenecientes\na las provincias de Magallanes, \u00daltima Esperanza y Tierra del Fuego.<\/p>\n\n\n\n<p>El programa, que\ninvolucra en su primera etapa la ejecuci\u00f3n de obras civiles y en su segunda etapa,\nobras de mejoramiento y conservaci\u00f3n, adem\u00e1s de la adquisici\u00f3n de equipos y\nequipamiento, tendr\u00e1 una inversi\u00f3n total superior a los 600 millones de pesos,\nbeneficiando directamente a establecimientos CESFAM y Postas de Salud Rural de\nMagallanes.<\/p>\n\n\n\n<p>Los proyectos a\nimplementar de forma gradual, iniciaron el pasado 19 junio en la ciudad de\nPunta Arenas con trabajos en los CESFAM Dr. Mateo Bencur, Carlos Ib\u00e1\u00f1ez y Dr.\nJuan Damianovic, considerando una inversi\u00f3n conjunta de m\u00e1s de 87 millones de pesos.<\/p>\n\n\n\n<p>\u201cComo Servicio de\nSalud nos encontramos muy agradados de haber podido dar pie a este programa que\nes APS a Punto, que cuenta de dos fases, una que es de obra gruesa e\ninfraestructura en determinados CESFAM y ac\u00e1 partimos con el Mateo Bencur,\nCarlos Ib\u00e1\u00f1ez y Damianovic, que ya han empezado con las obras y hoy, pudimos\nconstatar en terreno el avance que han tenido, donde se han proyectado box de\nreanimaci\u00f3n, se han readecuado los espacios para una eventual apertura de SAPU y\ntambi\u00e9n hay otras modificaciones de infraestructura que tambi\u00e9n han mejorado\nsin duda la calidad de las instalaciones del CESFAM dando mejor cobertura a los\nusuarios\u201d, indic\u00f3 la subdirectora de Atenci\u00f3n Primaria Klg. Ver\u00f3nica Y\u00e1\u00f1ez.<\/p>\n\n\n\n<p>Agregando la subdirectora\nque, \u201cen una segunda etapa iremos extendiendo este programa de APS a Punto al\nresto de las comunas, abarcando gran parte de los centros de Atenci\u00f3n Primaria\ne inclusive Postas de Salud Rural, as\u00ed podremos ir reforzando equipamiento y\nequipos, adem\u00e1s de infraestructura; esto permite alcanzar buenos est\u00e1ndares de\ncalidad para nuestros usuarios y poder dar mayor cobertura y amplitud, para que\nlos mismos funcionarios se sientan m\u00e1s c\u00f3modos en sus instalaciones y puedan\ndar mejores y m\u00e1s atenciones\u201d, puntualiz\u00f3 Ver\u00f3nica Y\u00e1\u00f1ez. <\/p>\n\n\n\n<p>Gloria Ramirez, directora\ndel CESFAM Carlos Ib\u00e1\u00f1ez coment\u00f3 que APS a Punto, beneficiar\u00e1 directamente a\nusuarios y funcionarios de establecimiento. \u201cPara nosotros ha sido un beneficio\nmuy grande, debido a que ten\u00edamos algunos problemas de infraestructura y de\ncapacidad de algunas unidades de atenci\u00f3n; por ejemplo, el servicio de\nesterilizaci\u00f3n era un box muy peque\u00f1o, que seg\u00fan la normativa ministerial debe\nmantener un flujo de tr\u00e1nsito tanto de personal como de los insumos que se\nesterilizan y, no est\u00e1bamos cumpliendo, y hoy gracias a este proyecto pudimos\nampliarlo, vamos a cumplir la normativa t\u00e9cnica y vamos a poder tambi\u00e9n cumplir\ncon un paso muy importante que es la acreditaci\u00f3n como prestadores de salud\u201d, acot\u00f3\nla directora. <\/p>\n\n\n\n<p>Se\u00f1alar que, los\nproyectos de conservaci\u00f3n permitir\u00e1n, entre otros, disminuir brechas sanitarias\nlimitantes para la resoluci\u00f3n de obtenci\u00f3n de Autorizaci\u00f3n sanitaria definitiva;\npermitiendo al recinto de salud enfrentar el proceso de acreditaci\u00f3n en\nest\u00e1ndares de calidad enfocado adem\u00e1s en los usuarios externos e internos,\nimpactara en la percepci\u00f3n de la calidad asistencial recibida, aumentando los\nniveles de satisfacci\u00f3n usuaria.<\/p>\n","protected":false},"excerpt":{"rendered":"<p>Con el objetivo de mejorar la satisfacci\u00f3n usuaria y calidad percibida por los usuarios de la Atenci\u00f3n Primaria de Salud de la regi\u00f3n, el Servicio de Salud Magallanes inici\u00f3 recientemente&#8230; <a class=\"read-more\" href=\"https:\/\/www.radiopresidenteibanez.cl\/web\/con-mas-de-600-millones-servicio-de-salud-implementa-programa-aps-a-punto-en-magallanes\/\">Leer m\u00e1s<\/a><\/p>\n","protected":false},"author":2,"featured_media":13549,"comment_status":"closed","ping_status":"closed","sticky":false,"template":"","format":"standard","meta":{"footnotes":""},"categories":[1],"tags":[],"class_list":["post-13548","post","type-post","status-publish","format-standard","has-post-thumbnail","hentry","category-cronica"],"_links":{"self":[{"href":"https:\/\/www.radiopresidenteibanez.cl\/web\/wp-json\/wp\/v2\/posts\/13548","targetHints":{"allow":["GET"]}}],"collection":[{"href":"https:\/\/www.radiopresidenteibanez.cl\/web\/wp-json\/wp\/v2\/posts"}],"about":[{"href":"https:\/\/www.radiopresidenteibanez.cl\/web\/wp-json\/wp\/v2\/types\/post"}],"author":[{"embeddable":true,"href":"https:\/\/www.radiopresidenteibanez.cl\/web\/wp-json\/wp\/v2\/users\/2"}],"replies":[{"embeddable":true,"href":"https:\/\/www.radiopresidenteibanez.cl\/web\/wp-json\/wp\/v2\/comments?post=13548"}],"version-history":[{"count":0,"href":"https:\/\/www.radiopresidenteibanez.cl\/web\/wp-json\/wp\/v2\/posts\/13548\/revisions"}],"wp:featuredmedia":[{"embeddable":true,"href":"https:\/\/www.radiopresidenteibanez.cl\/web\/wp-json\/wp\/v2\/media\/13549"}],"wp:attachment":[{"href":"https:\/\/www.radiopresidenteibanez.cl\/web\/wp-json\/wp\/v2\/media?parent=13548"}],"wp:term":[{"taxonomy":"category","embeddable":true,"href":"https:\/\/www.radiopresidenteibanez.cl\/web\/wp-json\/wp\/v2\/categories?post=13548"},{"taxonomy":"post_tag","embeddable":true,"href":"https:\/\/www.radiopresidenteibanez.cl\/web\/wp-json\/wp\/v2\/tags?post=13548"}],"curies":[{"name":"wp","href":"https:\/\/api.w.org\/{rel}","templated":true}]}}