{"id":13545,"date":"2020-07-23T12:53:14","date_gmt":"2020-07-23T12:53:14","guid":{"rendered":"https:\/\/www.radiopresidenteibanez.cl\/web\/?p=13545"},"modified":"2020-07-23T12:53:17","modified_gmt":"2020-07-23T12:53:17","slug":"subsecretarios-firman-convenio-para-desarrollar-un-plan-de-infraestructura-patrimonial","status":"publish","type":"post","link":"https:\/\/www.radiopresidenteibanez.cl\/web\/subsecretarios-firman-convenio-para-desarrollar-un-plan-de-infraestructura-patrimonial\/","title":{"rendered":"SUBSECRETARIOS FIRMAN CONVENIO PARA DESARROLLAR UN PLAN DE INFRAESTRUCTURA PATRIMONIAL"},"content":{"rendered":"\n<p>Poner en marcha una mesa de trabajo nacional, y otras\nregionales, que permitan planificar coordinadamente proyectos relacionados con\ninfraestructura patrimonial y, junto con eso, realizar gestiones para obtener\nfinanciamiento son algunos de los objetivos del convenio que hoy firmaron en el\nPalacio de La Moneda los subsecretarios de Patrimonio Cultural, Emilio de la\nCerda; de Bienes Nacionales, \u00c1lvaro Pillado; de Obras P\u00fablicas, Crist\u00f3bal\nLeturia y de Desarrollo Regional, Juan Manuel Masferrer.<\/p>\n\n\n\n<p>La suscripci\u00f3n del acuerdo, que tambi\u00e9n cont\u00f3 con la\nparticipaci\u00f3n del director del Servicio Nacional del Patrimonio Cultural,\nCarlos Maillet, se sustenta en el desaf\u00edo y entendimiento com\u00fan del rol del\npatrimonio en el desarrollo sustentable e integral de las sociedades y su\naporte en la cohesi\u00f3n social, bienestar, urbanismo, creatividad y desarrollo\necon\u00f3mico. <\/p>\n\n\n\n<p>A trav\u00e9s del trabajo en las mesas se generar\u00e1n carteras\nplurianuales y priorizadas de iniciativas de infraestructura patrimonial a lo\nlargo del territorio, favoreciendo la continuidad de los proyectos.<\/p>\n\n\n\n<p>\u201cLos espacios patrimoniales son parte de la identidad y\nmemoria colectiva de las comunidades. Donde nos encontramos, generamos\ncomunidad, se promueve el desarrollo creativo, se preserva y proyecta nuestra\nmemoria. Ese es el esp\u00edritu que moviliza este convenio. Adem\u00e1s, pone en el\ncentro un trabajo que parte desde lo local, con mesas de trabajo regionales que\npondr\u00e1n el foco en necesidades y gestiones relevantes para cada territorio\u201d,\nenfatiz\u00f3 el subsecretario De la Cerda.<\/p>\n\n\n\n<p>En tanto,\nel subsecretario Pillado subray\u00f3 que \u201cla firma de este convenio refuerza el\ncompromiso del Ministerio de Bienes Nacionales con el acceso a la cultura y la\npuesta en valor del patrimonio, apoyando la instalaci\u00f3n de la nueva\ninstitucionalidad cultural. Especialmente a nivel regional, donde hemos\ndispuesto territorio e inmuebles fiscales para recibir bibliotecas, museos y\narchivos\u201d.<\/p>\n\n\n\n<p>Para\ngraficarlo, la autoridad puso como ejemplo la destinaci\u00f3n del Palacio Pereira,\nparte del legado bicentenario, para ser la pr\u00f3xima sede de la institucionalidad\npatrimonial del Ministerio de las Culturas, cuyo primer piso ser\u00e1 de uso\np\u00fablico para la ciudadan\u00eda. Asimismo, resalt\u00f3 la cesi\u00f3n del Fundo Vaitea, en\nRapanui, para la construcci\u00f3n del museo de la isla y la concesi\u00f3n de un terreno\nde 2.500 m2 en Temuco donde se instalar\u00e1 la futura biblioteca regional.<\/p>\n\n\n\n<p>Seg\u00fan se detalla en el convenio, los subsecretarios\nacordaron trabajar coordinadamente en dos objetivos centrales:<\/p>\n\n\n\n<ol class=\"wp-block-list\"><li>La materializaci\u00f3n de proyectos de infraestructura\npatrimonial p\u00fablicos, como museos, dep\u00f3sitos, bibliotecas y archivos, tanto\npara los casos en que se trate de obras nuevas, de restauraci\u00f3n y\/o de\nhabilitaci\u00f3n de edificaciones existentes, como tambi\u00e9n para aquellos que\nconsideren la puesta en valor de edificaciones con alg\u00fan tipo de protecci\u00f3n\npatrimonial, o que formen parte de un Sitio de Patrimonio Mundial declarado por\nUNESCO o inscrito en Lista Tentativa de Bienes Culturales postulados en esta\ncategor\u00eda.<\/li><li>La materializaci\u00f3n de otros proyectos de\ncar\u00e1cter patrimonial no administrados por el Servicio Nacional del Patrimonio\nCultural, que permitan la puesta en valor de inmuebles patrimoniales y\/o\nentreguen condiciones adecuadas para el resguardo de bienes patrimoniales\nmuebles protegidos por Ley o con gestiones en curso para su protecci\u00f3n.<\/li><\/ol>\n","protected":false},"excerpt":{"rendered":"<p>Poner en marcha una mesa de trabajo nacional, y otras regionales, que permitan planificar coordinadamente proyectos relacionados con infraestructura patrimonial y, junto con eso, realizar gestiones para obtener financiamiento son&#8230; <a class=\"read-more\" href=\"https:\/\/www.radiopresidenteibanez.cl\/web\/subsecretarios-firman-convenio-para-desarrollar-un-plan-de-infraestructura-patrimonial\/\">Leer m\u00e1s<\/a><\/p>\n","protected":false},"author":2,"featured_media":13546,"comment_status":"closed","ping_status":"closed","sticky":false,"template":"","format":"standard","meta":{"footnotes":""},"categories":[1],"tags":[],"class_list":["post-13545","post","type-post","status-publish","format-standard","has-post-thumbnail","hentry","category-cronica"],"_links":{"self":[{"href":"https:\/\/www.radiopresidenteibanez.cl\/web\/wp-json\/wp\/v2\/posts\/13545","targetHints":{"allow":["GET"]}}],"collection":[{"href":"https:\/\/www.radiopresidenteibanez.cl\/web\/wp-json\/wp\/v2\/posts"}],"about":[{"href":"https:\/\/www.radiopresidenteibanez.cl\/web\/wp-json\/wp\/v2\/types\/post"}],"author":[{"embeddable":true,"href":"https:\/\/www.radiopresidenteibanez.cl\/web\/wp-json\/wp\/v2\/users\/2"}],"replies":[{"embeddable":true,"href":"https:\/\/www.radiopresidenteibanez.cl\/web\/wp-json\/wp\/v2\/comments?post=13545"}],"version-history":[{"count":0,"href":"https:\/\/www.radiopresidenteibanez.cl\/web\/wp-json\/wp\/v2\/posts\/13545\/revisions"}],"wp:featuredmedia":[{"embeddable":true,"href":"https:\/\/www.radiopresidenteibanez.cl\/web\/wp-json\/wp\/v2\/media\/13546"}],"wp:attachment":[{"href":"https:\/\/www.radiopresidenteibanez.cl\/web\/wp-json\/wp\/v2\/media?parent=13545"}],"wp:term":[{"taxonomy":"category","embeddable":true,"href":"https:\/\/www.radiopresidenteibanez.cl\/web\/wp-json\/wp\/v2\/categories?post=13545"},{"taxonomy":"post_tag","embeddable":true,"href":"https:\/\/www.radiopresidenteibanez.cl\/web\/wp-json\/wp\/v2\/tags?post=13545"}],"curies":[{"name":"wp","href":"https:\/\/api.w.org\/{rel}","templated":true}]}}