{"id":13543,"date":"2020-07-23T12:50:22","date_gmt":"2020-07-23T12:50:22","guid":{"rendered":"https:\/\/www.radiopresidenteibanez.cl\/web\/?p=13543"},"modified":"2020-07-23T12:50:26","modified_gmt":"2020-07-23T12:50:26","slug":"se-anuncio-segundo-aporte-de-dinero-a-municipios-para-ayudarlos-con-los-gastos-generados-por-la-pandemia-y-la-caida-de-sus-ingresos","status":"publish","type":"post","link":"https:\/\/www.radiopresidenteibanez.cl\/web\/se-anuncio-segundo-aporte-de-dinero-a-municipios-para-ayudarlos-con-los-gastos-generados-por-la-pandemia-y-la-caida-de-sus-ingresos\/","title":{"rendered":"SE ANUNCI\u00d3 SEGUNDO APORTE DE DINERO A MUNICIPIOS PARA AYUDARLOS CON LOS GASTOS GENERADOS POR LA PANDEMIA Y LA CA\u00cdDA DE SUS INGRESOS"},"content":{"rendered":"\n<p>El\nPresidente de la Rep\u00fablica anunci\u00f3 la distribuci\u00f3n de nuevos recursos para las\nmunicipalidades del pa\u00eds, como parte de la ayuda para superar la emergencia\nsanitaria que enfrenta el pa\u00eds debido a la pandemia.<\/p>\n\n\n\n<p>Se\ntrata de un Fondo Solidario Municipal, el que asciende a US$120 millones y\nsupera en 20% a los recursos otorgados en mayo por este mismo concepto.<\/p>\n\n\n\n<p>En\nla cita, el Mandatario destac\u00f3 el rol que han cumplido los alcaldes durante la\nemergencia sanitaria. \u00abSon como la mano del Estado, son los que mejor\nconocen a sus comunidades\u00bb. Adem\u00e1s, enfatiz\u00f3 que cada edil tendr\u00e1 una\nfunci\u00f3n muy importante en el \u00absistema eficaz de testeo, trazabilidad y\naislamiento de todas las personas que se contagien con coronavirus\u00bb.<\/p>\n\n\n\n<p>Respecto\na este anuncio, la Alcaldesa de Porvenir Marisol Andrade C\u00e1rdenas, indic\u00f3 que\nel municipio recibir\u00e1 34 millones de pesos, y manifest\u00f3 que \u201ces muy positivo\nque ha los municipios se les inyecte recursos especialmente en estos tiempos de\npandemia\u201d.<\/p>\n\n\n\n<p>Agreg\u00f3\nla jefa comunal, que \u201cestos recursos ser\u00e1n destinados en ayuda a las familias\nporvenire\u00f1as, en alimentos, el pago de consumos b\u00e1sicos, arriendos y tambi\u00e9n\ndejar una parte de estos recursos en la municipalidad,pensando&nbsp;&nbsp;&nbsp;&nbsp; en todo lo que tiene que ver con el tema\nsanitario y tambi\u00e9n con el plan \u201cPaso a Paso\u201d, donde no sabemos si llegar\u00e1n m\u00e1s\nrecursos para ello, y es por esta raz\u00f3n que tendremos la providencia de\nresguardar algunos recursos para que podamos cumplir con la exigencia sanitaria\nque va a implicar est\u00e1 medida del gobierno\u201d<\/p>\n","protected":false},"excerpt":{"rendered":"<p>El Presidente de la Rep\u00fablica anunci\u00f3 la distribuci\u00f3n de nuevos recursos para las municipalidades del pa\u00eds, como parte de la ayuda para superar la emergencia sanitaria que enfrenta el pa\u00eds&#8230; <a class=\"read-more\" href=\"https:\/\/www.radiopresidenteibanez.cl\/web\/se-anuncio-segundo-aporte-de-dinero-a-municipios-para-ayudarlos-con-los-gastos-generados-por-la-pandemia-y-la-caida-de-sus-ingresos\/\">Leer m\u00e1s<\/a><\/p>\n","protected":false},"author":2,"featured_media":8462,"comment_status":"closed","ping_status":"closed","sticky":false,"template":"","format":"standard","meta":{"footnotes":""},"categories":[1],"tags":[],"class_list":["post-13543","post","type-post","status-publish","format-standard","has-post-thumbnail","hentry","category-cronica"],"_links":{"self":[{"href":"https:\/\/www.radiopresidenteibanez.cl\/web\/wp-json\/wp\/v2\/posts\/13543","targetHints":{"allow":["GET"]}}],"collection":[{"href":"https:\/\/www.radiopresidenteibanez.cl\/web\/wp-json\/wp\/v2\/posts"}],"about":[{"href":"https:\/\/www.radiopresidenteibanez.cl\/web\/wp-json\/wp\/v2\/types\/post"}],"author":[{"embeddable":true,"href":"https:\/\/www.radiopresidenteibanez.cl\/web\/wp-json\/wp\/v2\/users\/2"}],"replies":[{"embeddable":true,"href":"https:\/\/www.radiopresidenteibanez.cl\/web\/wp-json\/wp\/v2\/comments?post=13543"}],"version-history":[{"count":0,"href":"https:\/\/www.radiopresidenteibanez.cl\/web\/wp-json\/wp\/v2\/posts\/13543\/revisions"}],"wp:featuredmedia":[{"embeddable":true,"href":"https:\/\/www.radiopresidenteibanez.cl\/web\/wp-json\/wp\/v2\/media\/8462"}],"wp:attachment":[{"href":"https:\/\/www.radiopresidenteibanez.cl\/web\/wp-json\/wp\/v2\/media?parent=13543"}],"wp:term":[{"taxonomy":"category","embeddable":true,"href":"https:\/\/www.radiopresidenteibanez.cl\/web\/wp-json\/wp\/v2\/categories?post=13543"},{"taxonomy":"post_tag","embeddable":true,"href":"https:\/\/www.radiopresidenteibanez.cl\/web\/wp-json\/wp\/v2\/tags?post=13543"}],"curies":[{"name":"wp","href":"https:\/\/api.w.org\/{rel}","templated":true}]}}