{"id":13540,"date":"2020-07-23T01:53:40","date_gmt":"2020-07-23T01:53:40","guid":{"rendered":"https:\/\/www.radiopresidenteibanez.cl\/web\/?p=13540"},"modified":"2020-07-23T01:53:44","modified_gmt":"2020-07-23T01:53:44","slug":"29-votos-a-favor-senado-aprobo-retiro-del-10-de-las-afps","status":"publish","type":"post","link":"https:\/\/www.radiopresidenteibanez.cl\/web\/29-votos-a-favor-senado-aprobo-retiro-del-10-de-las-afps\/","title":{"rendered":"29 VOTOS A FAVOR: SENADO APROB\u00d3 RETIRO DEL 10% DE LAS AFP&#8217;S"},"content":{"rendered":"\n<p>Luego de una extensa discusi\u00f3n durante la tarde de hoy, mi\u00e9rcoles 23 de julio, el Senado aprob\u00f3 el retiro excepcional de fondos de capitalizaci\u00f3n individual para los afiliados a las AFP\u2019s, en la ocasi\u00f3n, fueron 29 senadores que votaron a favor de este proyecto, mientras que 1 se abstuvieron y 13 rechazaron la indicaci\u00f3n.<\/p>\n\n\n\n<p>Ahora el senado votar\u00e1 las distintas indicaciones.<\/p>\n\n\n\n<p><\/p>\n\n\n\n<p>CHH.<\/p>\n","protected":false},"excerpt":{"rendered":"<p>Luego de una extensa discusi\u00f3n durante la tarde de hoy, mi\u00e9rcoles 23 de julio, el Senado aprob\u00f3 el retiro excepcional de fondos de capitalizaci\u00f3n individual para los afiliados a las&#8230; <a class=\"read-more\" href=\"https:\/\/www.radiopresidenteibanez.cl\/web\/29-votos-a-favor-senado-aprobo-retiro-del-10-de-las-afps\/\">Leer m\u00e1s<\/a><\/p>\n","protected":false},"author":2,"featured_media":13280,"comment_status":"closed","ping_status":"closed","sticky":false,"template":"","format":"standard","meta":{"footnotes":""},"categories":[1],"tags":[],"class_list":["post-13540","post","type-post","status-publish","format-standard","has-post-thumbnail","hentry","category-cronica"],"_links":{"self":[{"href":"https:\/\/www.radiopresidenteibanez.cl\/web\/wp-json\/wp\/v2\/posts\/13540","targetHints":{"allow":["GET"]}}],"collection":[{"href":"https:\/\/www.radiopresidenteibanez.cl\/web\/wp-json\/wp\/v2\/posts"}],"about":[{"href":"https:\/\/www.radiopresidenteibanez.cl\/web\/wp-json\/wp\/v2\/types\/post"}],"author":[{"embeddable":true,"href":"https:\/\/www.radiopresidenteibanez.cl\/web\/wp-json\/wp\/v2\/users\/2"}],"replies":[{"embeddable":true,"href":"https:\/\/www.radiopresidenteibanez.cl\/web\/wp-json\/wp\/v2\/comments?post=13540"}],"version-history":[{"count":0,"href":"https:\/\/www.radiopresidenteibanez.cl\/web\/wp-json\/wp\/v2\/posts\/13540\/revisions"}],"wp:featuredmedia":[{"embeddable":true,"href":"https:\/\/www.radiopresidenteibanez.cl\/web\/wp-json\/wp\/v2\/media\/13280"}],"wp:attachment":[{"href":"https:\/\/www.radiopresidenteibanez.cl\/web\/wp-json\/wp\/v2\/media?parent=13540"}],"wp:term":[{"taxonomy":"category","embeddable":true,"href":"https:\/\/www.radiopresidenteibanez.cl\/web\/wp-json\/wp\/v2\/categories?post=13540"},{"taxonomy":"post_tag","embeddable":true,"href":"https:\/\/www.radiopresidenteibanez.cl\/web\/wp-json\/wp\/v2\/tags?post=13540"}],"curies":[{"name":"wp","href":"https:\/\/api.w.org\/{rel}","templated":true}]}}