{"id":13536,"date":"2020-07-22T13:59:49","date_gmt":"2020-07-22T13:59:49","guid":{"rendered":"https:\/\/www.radiopresidenteibanez.cl\/web\/?p=13536"},"modified":"2020-07-22T13:59:53","modified_gmt":"2020-07-22T13:59:53","slug":"municipios-alertan-sobre-la-necesidad-de-que-el-mineduc-den-a-conocer-el-paso-a-paso-en-materia-educacional","status":"publish","type":"post","link":"https:\/\/www.radiopresidenteibanez.cl\/web\/municipios-alertan-sobre-la-necesidad-de-que-el-mineduc-den-a-conocer-el-paso-a-paso-en-materia-educacional\/","title":{"rendered":"MUNICIPIOS ALERTAN SOBRE LA NECESIDAD DE QUE EL MINEDUC DEN A CONOCER EL \u00abPASO A PASO\u00bb EN MATERIA EDUCACIONAL"},"content":{"rendered":"\n<p>\n\nLa vuelta a clases en Chile a\u00fan es algo que no se ha podido definir por parte de las autoridades. Los expertos aseguran que se deben brindar todas las medidas sanitarias y de seguridad antes de que los alumnos vuelvan a las aulas.<br><\/p>\n\n\n\n<p>El Presidente de la Asociaci\u00f3n Chilena de Municipalidades (AChM), Alcalde de Natales, Fernando Paredes, se\u00f1al\u00f3 que \u201cla responsabilidad que recae en la AChM, es presentar estos datos al Ministerio de Educaci\u00f3n, para que empiece a bajar los protocolos y sobre esa base se planifique &nbsp;y visualice, &nbsp;cu\u00e1les podr\u00edan ser los costos de una eventual retorno a clases, sin establecer una fecha, sobre una materia tan relevante como la educaci\u00f3n de todas las comunas del pa\u00eds\u201d.<\/p>\n\n\n\n<p><br>El jefe comunal de Natales agreg\u00f3 que \u201ces absolutamente v\u00e1lido que algunas comunas que est\u00e1n en cuarentena aun no tengan la posibilidad de pensar en un retorno al corto plazo, pero no es menos cierto que otras comunas en otras regiones, que perfectamente tienen las condiciones para poder volver a clases, lo que deber\u00e1 calificar el Ministerio de Salud a trav\u00e9s del programa \u201cpaso a paso\u201d.<\/p>\n\n\n\n<p><br>El ministro de Educaci\u00f3n, Ra\u00fal Figueroa, ha planteado exhaustivamente que, si bien es necesario que los alumnos retornen durante este a\u00f1o, la fecha a\u00fan no est\u00e1 definida. Asimismo, ha declarado que los protocolos se trabajar\u00e1n de manera individual con los alcaldes y cada sostenedor que solicite la reapertura de los colegios. Una decisi\u00f3n que no ha dejado contenta a las autoridades comunales, quienes declaran que es el propio Ministerio de Educaci\u00f3n el que debiese hacerse cargo de los planes de retorno de manera global, y no destinar esa tarea a los mismos municipios.<\/p>\n\n\n\n<p><br><strong>Datos del estudio:<\/strong><br>Seg\u00fan la consulta ciudadana sobre \u201cModalidad online y retorno a clases en la educaci\u00f3n chilena\u201d, un 68% de los encuestados declar\u00f3 que no enviar\u00eda a sus hijos a clases presenciales si el retorno fuese el segundo semestre.<\/p>\n\n\n\n<p><br>Para analizar el escenario en el que se enfrenta el retorno a clases y los costos asociados, la Escuela de Gobierno Local realiz\u00f3 un estudio con el fin de dar a conocer los distintos elementos que los establecimientos debieran considerar para poder tener un retorno a clases seguro, as\u00ed como el costo de implementarlo en el sistema educacional municipal, tomando en cuenta todas las medidas necesarias recomendadas por la OMS.<\/p>\n\n\n\n<p><br>El sistema escolar municipal cuenta con un total de 4.879 establecimientos a nivel nacional, con m\u00e1s de 1.200.000 alumnos y 105.000 docentes. Para tener un retorno seguro se necesita contar con elementos b\u00e1sicos de higiene y protecci\u00f3n, tales como: mascarillas, escudos faciales, alcohol gel, jab\u00f3n l\u00edquido, toallas desinfectantes, papel secante, term\u00f3metros digitales y amonio cuaternario. El uso diario de estos puede variar dependiendo de la cantidad de horas que los alumnos pasen en la jornada escolar y la cantidad de estudiantes y docentes que ingresen a cada colegio.<\/p>\n\n\n\n<p><br>Al tomar en cuenta todas estas variables, el costo total aproximado del retorno a clases para todos los establecimientos municipales ser\u00eda de $12 mil millones mensuales, considerando solo media jornada escolar. Este c\u00e1lculo no considera a jardines infantiles, escuelas de lenguaje, ni el costo de los funcionarios auxiliares, debido a la falta de informaci\u00f3n de algunas comunas.<\/p>\n\n\n\n<p><br>Frente a estos costos, cabe preguntarse si realmente el sistema municipal chileno est\u00e1 preparado para este eventual retorno a clases seguro, en una situaci\u00f3n en la que la gran mayor\u00eda de las administraciones locales ha declarado que se encuentra con deudas relacionadas a la salud y a la educaci\u00f3n. Estableciendo la duda si contar\u00e1n con los recursos suficientes para hacer frente al retorno de clases y cumplir con los requerimientos para brindar las adecuadas medidas de protecci\u00f3n e higiene para alumnos y docentes.<\/p>\n\n\n\n<p><br>Es fundamental otorgar una serie de garant\u00edas a cada establecimiento municipal para que cuenten con todos los elementos necesarios que conviertan a los colegios en lugares \u201cseguros\u201d para impartir la educaci\u00f3n a los estudiantes, por lo que se requiere contar con un financiamiento de base y estable en el tiempo.<\/p>\n\n\n\n<p>Se vuelve a hacer patente la necesidad de reforzar a los municipios, otorg\u00e1ndoles mayores atribuciones y financiamientos que puedan garantizar que todos quienes vuelvan a las aulas no se queden sin las medidas recomendadas para hacer frente al complicado escenario de retorno a clases presenciales en medio de una pandemia.<\/p>\n","protected":false},"excerpt":{"rendered":"<p>La vuelta a clases en Chile a\u00fan es algo que no se ha podido definir por parte de las autoridades. Los expertos aseguran que se deben brindar todas las medidas&#8230; <a class=\"read-more\" href=\"https:\/\/www.radiopresidenteibanez.cl\/web\/municipios-alertan-sobre-la-necesidad-de-que-el-mineduc-den-a-conocer-el-paso-a-paso-en-materia-educacional\/\">Leer m\u00e1s<\/a><\/p>\n","protected":false},"author":2,"featured_media":13537,"comment_status":"closed","ping_status":"closed","sticky":false,"template":"","format":"standard","meta":{"footnotes":""},"categories":[1],"tags":[],"class_list":["post-13536","post","type-post","status-publish","format-standard","has-post-thumbnail","hentry","category-cronica"],"_links":{"self":[{"href":"https:\/\/www.radiopresidenteibanez.cl\/web\/wp-json\/wp\/v2\/posts\/13536","targetHints":{"allow":["GET"]}}],"collection":[{"href":"https:\/\/www.radiopresidenteibanez.cl\/web\/wp-json\/wp\/v2\/posts"}],"about":[{"href":"https:\/\/www.radiopresidenteibanez.cl\/web\/wp-json\/wp\/v2\/types\/post"}],"author":[{"embeddable":true,"href":"https:\/\/www.radiopresidenteibanez.cl\/web\/wp-json\/wp\/v2\/users\/2"}],"replies":[{"embeddable":true,"href":"https:\/\/www.radiopresidenteibanez.cl\/web\/wp-json\/wp\/v2\/comments?post=13536"}],"version-history":[{"count":0,"href":"https:\/\/www.radiopresidenteibanez.cl\/web\/wp-json\/wp\/v2\/posts\/13536\/revisions"}],"wp:featuredmedia":[{"embeddable":true,"href":"https:\/\/www.radiopresidenteibanez.cl\/web\/wp-json\/wp\/v2\/media\/13537"}],"wp:attachment":[{"href":"https:\/\/www.radiopresidenteibanez.cl\/web\/wp-json\/wp\/v2\/media?parent=13536"}],"wp:term":[{"taxonomy":"category","embeddable":true,"href":"https:\/\/www.radiopresidenteibanez.cl\/web\/wp-json\/wp\/v2\/categories?post=13536"},{"taxonomy":"post_tag","embeddable":true,"href":"https:\/\/www.radiopresidenteibanez.cl\/web\/wp-json\/wp\/v2\/tags?post=13536"}],"curies":[{"name":"wp","href":"https:\/\/api.w.org\/{rel}","templated":true}]}}