{"id":13533,"date":"2020-07-22T13:55:53","date_gmt":"2020-07-22T13:55:53","guid":{"rendered":"https:\/\/www.radiopresidenteibanez.cl\/web\/?p=13533"},"modified":"2020-07-22T13:55:57","modified_gmt":"2020-07-22T13:55:57","slug":"casi-300-vecinos-de-punta-arenas-fueron-beneficiados-con-los-talleres-online-del-centro-cultural","status":"publish","type":"post","link":"https:\/\/www.radiopresidenteibanez.cl\/web\/casi-300-vecinos-de-punta-arenas-fueron-beneficiados-con-los-talleres-online-del-centro-cultural\/","title":{"rendered":"CASI 300 VECINOS DE PUNTA ARENAS FUERON BENEFICIADOS CON LOS TALLERES ONLINE DEL CENTRO CULTURAL"},"content":{"rendered":"\n<p>16 talleres culturales online se realizaron durante el\nprimer semestre de este a\u00f1o, organizados desde la Direcci\u00f3n de Desarrollo\nComunitario de la Municipalidad de Punta Arenas, que beneficiaron a cerca de\n300 personas, entre ni\u00f1os, j\u00f3venes y adultos de la comuna.<\/p>\n\n\n\n<p>\u201cEstamos muy contentos por el alcance que tuvieron los\ntalleres durante el primer semestre, ya que fue un periodo complejo producto de\nla pandemia, y es importante que desde el Municipio podamos entregar\nalternativas para que los vecinos puedan realizar actividades distintas y que\nles permitan desarrollar su creatividad\u201d, afirm\u00f3 la directora de Desarrollo\nComunitario del Municipio de Punta Arenas, Elena Blackwood.<\/p>\n\n\n\n<p>Si bien en principio estaba considerado realizar los\ntalleres de manera presencial, como se ha venido desarrollando en a\u00f1os\nanteriores, la emergencia sanitaria oblig\u00f3 a replantear la estrategia y todos\nlos talleres se llevaron a cabo de manera online.<\/p>\n\n\n\n<p>Los alumnos de los distintos talleres valoraron la\ninstancia, que les permiti\u00f3 adquirir nuevos conocimientos y fomentar su\ncreatividad.<\/p>\n\n\n\n<p>\u201cMuy agradecida de todo lo que han hecho, fue una hermosa\nentretenci\u00f3n en este tiempo que est\u00e1 tan complicado\u201d, afirm\u00f3 Mar\u00eda Santana,\nqui\u00e9n desde Agua Fresca particip\u00f3 del curso de Mosaico a trav\u00e9s de Internet.<\/p>\n\n\n\n<p>En tanto, Daniela Carim\u00e1n, participante del taller de Teatro\nB\u00e1sico, indic\u00f3 que \u201cel taller fue muy entretenido, hemos conocido a varias\npersonas, y las actividades han sido muy interactivas, sobre todo porque a\npesar de estar en cuarentena hemos podido trabajar en grupo, inventar y crear\nvarias cosas lindas. As\u00ed que a m\u00ed me gustar\u00eda que el taller se mantuviera para\nel pr\u00f3ximo semestre, porque ha sido un gran aporte\u201d.<\/p>\n\n\n\n<p>Finalmente, Mayte Quintana, de 13 a\u00f1os de edad, estudiante\ndel Colegio Cruz del Sur, quien particip\u00f3 del taller de Periodismo y\nFotograf\u00eda, valor\u00f3 los conocimientos adquiridos. \u201cEl curso me ayud\u00f3 mucho en mi\npersonalidad y en la forma de poder vivir cada experiencia nueva de aqu\u00ed en adelante,\nya que yo desde un principio dije que me gustaba mucho la fotograf\u00eda y desde el\nmomento en que empec\u00e9 a tomar todos los tips y consejos del profesor, cada vez\nque iba a un lugar nuevo hac\u00eda fotograf\u00edas, y luego con el tiempo tambi\u00e9n me\nfui interesando mucho en el \u00e1rea de periodismo, para poder expresar mejor mis\nideas\u201d, se\u00f1al\u00f3.<\/p>\n\n\n\n<p>Dentro de las pr\u00f3ximas semanas se dar\u00e1n a conocer los\ntalleres disponibles para el segundo semestre, que tambi\u00e9n se realizar\u00e1n de\nmanera virtual.&nbsp; <\/p>\n","protected":false},"excerpt":{"rendered":"<p>16 talleres culturales online se realizaron durante el primer semestre de este a\u00f1o, organizados desde la Direcci\u00f3n de Desarrollo Comunitario de la Municipalidad de Punta Arenas, que beneficiaron a cerca&#8230; <a class=\"read-more\" href=\"https:\/\/www.radiopresidenteibanez.cl\/web\/casi-300-vecinos-de-punta-arenas-fueron-beneficiados-con-los-talleres-online-del-centro-cultural\/\">Leer m\u00e1s<\/a><\/p>\n","protected":false},"author":2,"featured_media":13534,"comment_status":"closed","ping_status":"closed","sticky":false,"template":"","format":"standard","meta":{"footnotes":""},"categories":[1],"tags":[],"class_list":["post-13533","post","type-post","status-publish","format-standard","has-post-thumbnail","hentry","category-cronica"],"_links":{"self":[{"href":"https:\/\/www.radiopresidenteibanez.cl\/web\/wp-json\/wp\/v2\/posts\/13533","targetHints":{"allow":["GET"]}}],"collection":[{"href":"https:\/\/www.radiopresidenteibanez.cl\/web\/wp-json\/wp\/v2\/posts"}],"about":[{"href":"https:\/\/www.radiopresidenteibanez.cl\/web\/wp-json\/wp\/v2\/types\/post"}],"author":[{"embeddable":true,"href":"https:\/\/www.radiopresidenteibanez.cl\/web\/wp-json\/wp\/v2\/users\/2"}],"replies":[{"embeddable":true,"href":"https:\/\/www.radiopresidenteibanez.cl\/web\/wp-json\/wp\/v2\/comments?post=13533"}],"version-history":[{"count":0,"href":"https:\/\/www.radiopresidenteibanez.cl\/web\/wp-json\/wp\/v2\/posts\/13533\/revisions"}],"wp:featuredmedia":[{"embeddable":true,"href":"https:\/\/www.radiopresidenteibanez.cl\/web\/wp-json\/wp\/v2\/media\/13534"}],"wp:attachment":[{"href":"https:\/\/www.radiopresidenteibanez.cl\/web\/wp-json\/wp\/v2\/media?parent=13533"}],"wp:term":[{"taxonomy":"category","embeddable":true,"href":"https:\/\/www.radiopresidenteibanez.cl\/web\/wp-json\/wp\/v2\/categories?post=13533"},{"taxonomy":"post_tag","embeddable":true,"href":"https:\/\/www.radiopresidenteibanez.cl\/web\/wp-json\/wp\/v2\/tags?post=13533"}],"curies":[{"name":"wp","href":"https:\/\/api.w.org\/{rel}","templated":true}]}}