{"id":13530,"date":"2020-07-22T13:54:21","date_gmt":"2020-07-22T13:54:21","guid":{"rendered":"https:\/\/www.radiopresidenteibanez.cl\/web\/?p=13530"},"modified":"2020-07-22T13:54:25","modified_gmt":"2020-07-22T13:54:25","slug":"proyectos-del-minvu-en-porvenir-avanzan-de-acuerdo-a-lo-programado-atendiendo-los-protocolos-sanitarios","status":"publish","type":"post","link":"https:\/\/www.radiopresidenteibanez.cl\/web\/proyectos-del-minvu-en-porvenir-avanzan-de-acuerdo-a-lo-programado-atendiendo-los-protocolos-sanitarios\/","title":{"rendered":"PROYECTOS DEL MINVU EN PORVENIR AVANZAN DE ACUERDO A LO PROGRAMADO ATENDIENDO LOS PROTOCOLOS SANITARIOS"},"content":{"rendered":"\n<p>Pese a las restricciones que ha impuesto la pandemia al normal desarrollo de obras civiles en la regi\u00f3n, los proyectos del Ministerio de Vivienda y Urbanismo han mantenido un ritmo acorde con los protocolos sanitarios establecidos, dentro de lo que la contingencia ha permitido avanzar a las empresas encargadas de la ejecuci\u00f3n en las distintas provincias.<\/p>\n\n\n\n<p>En el caso de Porvenir, y de acuerdo a\nlo informado por el seremi de Vivienda y Urbanismo, Jos\u00e9 Miguel Horcos: \u201cSi\nbien algunos proyectos se han visto obligados a avanzar a un ritmo m\u00e1s lento o\nincluso paralizando obras temporalmente, al d\u00eda de hoy la mayor\u00eda de las\niniciativas de nuestra cartera en la regi\u00f3n se encuentran en desarrollo &#8211;\nalgunas m\u00e1s avanzadas que otras dependiendo del contexto geogr\u00e1fico y su\nconectividad &#8211; y con presupuesto asignado, lo cual es doblemente positivo tanto\npara las familias que se ver\u00e1n beneficiadas como para las empresas del rubro y\nla creaci\u00f3n de empleos\u201d. precis\u00f3 el Seremi.<\/p>\n\n\n\n<p>Es as\u00ed que en materia de vialidades intermedias\navanza con un 25 por ciento la pavimentaci\u00f3n de calle Dubl\u00e9 Almeyda, proyecto\nemblem\u00e1tico por cuanto al concluir las obras quedar\u00eda pavimentada pr\u00e1cticamente\nla totalidad de la trama vial urbana de Porvenir.<\/p>\n\n\n\n<p>Al respecto, el seremi Horcos destac\u00f3\nque \u201cEl mejoramiento de calle Dubl\u00e9 Almeyda, retomado en el mes de junio, es el\n\u00faltimo de los proyectos de vialidad de gran envergadura en Porvenir, m\u00e1s de un\nkil\u00f3metro de pavimento de extremo a extremo de la ciudad, conectando calle\nEsmeralda hasta Alberto Fuentes con una inversi\u00f3n FNDR de mil doscientos\nmillones de pesos\u201d. <\/p>\n\n\n\n<p>\u201cEn este sentido &#8211; agreg\u00f3 el seremi &#8211; como\nMinisterio, liderado por nuestro ministro Felipe Ward, estaremos cerrando una etapa\nde compromisos adquiridos con la comunidad porvenire\u00f1a en cuanto a completar las\nvialidades intermedias, que incluy\u00f3, por ejemplo, las pavimentaciones de\nPoblaci\u00f3n Estadio, Oscar Viel, sumado al aporte conjunto del Programa de\nPavimentaci\u00f3n Participativa con el cual se han venido trabajando las arterias a\nescala vecinal desde el llamado 27\u201d.<\/p>\n\n\n\n<p>En el \u00e1mbito habitacional y de espacios\np\u00fablicos tambi\u00e9n se est\u00e1n abriendo nuevas oportunidades, por cuanto, por una\nparte, el subsecretario del MINVU Guillermo Rolando comprometi\u00f3 los subsidios,\nque junto al aporte y recursos adicionales del Gobierno Regional har\u00e1n posible\nla construcci\u00f3n de \u201cLomas del Baquedano III\u201d, esperado proyecto cuya licitaci\u00f3n\nest\u00e1 en proceso a cargo de la Entidad Patrocinante Municipal.<\/p>\n\n\n\n<p>\u201cSon 112 familias \u2013 se\u00f1alo Jos\u00e9 Miguel\nHorcos &#8211; que van a obtener su vivienda definitiva con una inversi\u00f3n combinada entre\nMINVU-FNDR y el ahorro de los vecinos, alcanzando un monto disponible de m\u00e1s de\n4 mil millones de pesos, por lo que esperamos que salga todo bien con las\nlicitaciones, a la par que avanzamos igualmente en el \u00e1rea urban\u00edstica con la\ntercera etapa de dise\u00f1o en curso de la Costanera entre Santos Mardones Y\nGobernador Phillippi, que es el tramo que da la bienvenida a la ciudad, en\nconsecuencia como ministerio estamos trabajando cada una de las provincias en\nforma integral, a la espera de que mejoren las condiciones sanitarias para\nretomar si es posible la velocidad normal que desempe\u00f1a el MINVU en la regi\u00f3n\na\u00f1o a a\u00f1o con 100 de ejecuci\u00f3n presupuestaria\u201d finaliz\u00f3 la autoridad.<\/p>\n","protected":false},"excerpt":{"rendered":"<p>Pese a las restricciones que ha impuesto la pandemia al normal desarrollo de obras civiles en la regi\u00f3n, los proyectos del Ministerio de Vivienda y Urbanismo han mantenido un ritmo&#8230; <a class=\"read-more\" href=\"https:\/\/www.radiopresidenteibanez.cl\/web\/proyectos-del-minvu-en-porvenir-avanzan-de-acuerdo-a-lo-programado-atendiendo-los-protocolos-sanitarios\/\">Leer m\u00e1s<\/a><\/p>\n","protected":false},"author":2,"featured_media":13531,"comment_status":"closed","ping_status":"closed","sticky":false,"template":"","format":"standard","meta":{"footnotes":""},"categories":[1],"tags":[],"class_list":["post-13530","post","type-post","status-publish","format-standard","has-post-thumbnail","hentry","category-cronica"],"_links":{"self":[{"href":"https:\/\/www.radiopresidenteibanez.cl\/web\/wp-json\/wp\/v2\/posts\/13530","targetHints":{"allow":["GET"]}}],"collection":[{"href":"https:\/\/www.radiopresidenteibanez.cl\/web\/wp-json\/wp\/v2\/posts"}],"about":[{"href":"https:\/\/www.radiopresidenteibanez.cl\/web\/wp-json\/wp\/v2\/types\/post"}],"author":[{"embeddable":true,"href":"https:\/\/www.radiopresidenteibanez.cl\/web\/wp-json\/wp\/v2\/users\/2"}],"replies":[{"embeddable":true,"href":"https:\/\/www.radiopresidenteibanez.cl\/web\/wp-json\/wp\/v2\/comments?post=13530"}],"version-history":[{"count":0,"href":"https:\/\/www.radiopresidenteibanez.cl\/web\/wp-json\/wp\/v2\/posts\/13530\/revisions"}],"wp:featuredmedia":[{"embeddable":true,"href":"https:\/\/www.radiopresidenteibanez.cl\/web\/wp-json\/wp\/v2\/media\/13531"}],"wp:attachment":[{"href":"https:\/\/www.radiopresidenteibanez.cl\/web\/wp-json\/wp\/v2\/media?parent=13530"}],"wp:term":[{"taxonomy":"category","embeddable":true,"href":"https:\/\/www.radiopresidenteibanez.cl\/web\/wp-json\/wp\/v2\/categories?post=13530"},{"taxonomy":"post_tag","embeddable":true,"href":"https:\/\/www.radiopresidenteibanez.cl\/web\/wp-json\/wp\/v2\/tags?post=13530"}],"curies":[{"name":"wp","href":"https:\/\/api.w.org\/{rel}","templated":true}]}}