{"id":1353,"date":"2019-02-11T19:09:30","date_gmt":"2019-02-11T19:09:30","guid":{"rendered":"http:\/\/www.radiopresidenteibanez.cl\/web\/?p=1353"},"modified":"2019-02-11T19:09:39","modified_gmt":"2019-02-11T19:09:39","slug":"hasta-marzo-se-extienden-las-actividades-del-programa-vive-tu-verano-en-porvenir-que-preparo-el-municipio-fueguino","status":"publish","type":"post","link":"https:\/\/www.radiopresidenteibanez.cl\/web\/hasta-marzo-se-extienden-las-actividades-del-programa-vive-tu-verano-en-porvenir-que-preparo-el-municipio-fueguino\/","title":{"rendered":"HASTA MARZO SE EXTIENDEN LAS ACTIVIDADES DEL PROGRAMA \u201cVIVE TU VERANO EN PORVENIR\u201d QUE PREPAR\u00d3 EL MUNICIPIO FUEGUINO"},"content":{"rendered":"\n<p>Es tradicional que la municipalidad de\nPorvenir, desarrolle diferentes actividades en la \u00e9poca de verano en la comuna,\ny este a\u00f1o 2019, el programa se denomino \u201cVive tu Verano en Porvenir\u201d.<\/p>\n\n\n\n<p>Estas actividades se vienen realizando por\nquinto a\u00f1o consecutivos, las que comenzaron la \u00faltima semana de enero y se van\na extender hasta el mes de marzo, lo que se pretende es brindar la oportunidad de\nentretenci\u00f3n, recreaci\u00f3n, espacios de cultura y tambi\u00e9n de deportes.<\/p>\n\n\n\n<p>Las diferentes actividades est\u00e1n proyectadas desde\nlos ni\u00f1os, hasta los adultos mayores de la comuna, existe un nutrido programa\nque va desde actividades culturales, recreativas artesan\u00edas y tambi\u00e9n por\nsupuesto que deportivas.<\/p>\n\n\n\n<p>Este programa de verano, considera todas las\n\u00e1reas desde baile entretenido zumba, tambi\u00e9n clases de ajedrez, adem\u00e1s actividades\ndeportiva, como voleibol b\u00e1squetbol y f\u00fatbol cinco y competencias para el\nadulto s\u00e9nior.<\/p>\n\n\n\n<p>Es as\u00ed que tenemos en Porvenir un verano muy\nentretenido hasta marzo del a\u00f1o 2019.<\/p>\n","protected":false},"excerpt":{"rendered":"<p>Es tradicional que la municipalidad de Porvenir, desarrolle diferentes actividades en la \u00e9poca de verano en la comuna, y este a\u00f1o 2019, el programa se denomino \u201cVive tu Verano en&#8230; <a class=\"read-more\" href=\"https:\/\/www.radiopresidenteibanez.cl\/web\/hasta-marzo-se-extienden-las-actividades-del-programa-vive-tu-verano-en-porvenir-que-preparo-el-municipio-fueguino\/\">Leer m\u00e1s<\/a><\/p>\n","protected":false},"author":2,"featured_media":1354,"comment_status":"closed","ping_status":"closed","sticky":false,"template":"","format":"standard","meta":{"footnotes":""},"categories":[1],"tags":[],"class_list":["post-1353","post","type-post","status-publish","format-standard","has-post-thumbnail","hentry","category-cronica"],"_links":{"self":[{"href":"https:\/\/www.radiopresidenteibanez.cl\/web\/wp-json\/wp\/v2\/posts\/1353","targetHints":{"allow":["GET"]}}],"collection":[{"href":"https:\/\/www.radiopresidenteibanez.cl\/web\/wp-json\/wp\/v2\/posts"}],"about":[{"href":"https:\/\/www.radiopresidenteibanez.cl\/web\/wp-json\/wp\/v2\/types\/post"}],"author":[{"embeddable":true,"href":"https:\/\/www.radiopresidenteibanez.cl\/web\/wp-json\/wp\/v2\/users\/2"}],"replies":[{"embeddable":true,"href":"https:\/\/www.radiopresidenteibanez.cl\/web\/wp-json\/wp\/v2\/comments?post=1353"}],"version-history":[{"count":0,"href":"https:\/\/www.radiopresidenteibanez.cl\/web\/wp-json\/wp\/v2\/posts\/1353\/revisions"}],"wp:featuredmedia":[{"embeddable":true,"href":"https:\/\/www.radiopresidenteibanez.cl\/web\/wp-json\/wp\/v2\/media\/1354"}],"wp:attachment":[{"href":"https:\/\/www.radiopresidenteibanez.cl\/web\/wp-json\/wp\/v2\/media?parent=1353"}],"wp:term":[{"taxonomy":"category","embeddable":true,"href":"https:\/\/www.radiopresidenteibanez.cl\/web\/wp-json\/wp\/v2\/categories?post=1353"},{"taxonomy":"post_tag","embeddable":true,"href":"https:\/\/www.radiopresidenteibanez.cl\/web\/wp-json\/wp\/v2\/tags?post=1353"}],"curies":[{"name":"wp","href":"https:\/\/api.w.org\/{rel}","templated":true}]}}