{"id":13527,"date":"2020-07-22T13:51:42","date_gmt":"2020-07-22T13:51:42","guid":{"rendered":"https:\/\/www.radiopresidenteibanez.cl\/web\/?p=13527"},"modified":"2020-07-22T13:51:46","modified_gmt":"2020-07-22T13:51:46","slug":"consejo-regional-valparaiso-reitera-llamado-a-postergar-plazo-de-eleccion-de-regimenes-tributarios-al-30-de-septiembre-de-2020","status":"publish","type":"post","link":"https:\/\/www.radiopresidenteibanez.cl\/web\/consejo-regional-valparaiso-reitera-llamado-a-postergar-plazo-de-eleccion-de-regimenes-tributarios-al-30-de-septiembre-de-2020\/","title":{"rendered":"CONSEJO REGIONAL VALPARA\u00cdSO REITERA LLAMADO A POSTERGAR PLAZO DE ELECCI\u00d3N DE REG\u00cdMENES TRIBUTARIOS AL 30 DE  SEPTIEMBRE DE 2020"},"content":{"rendered":"\n<p>Sin ninguna\nrespuesta de parte del Ministerio de Hacienda se encuentra el urgente\nrequerimiento de parte de los Consejos Regionales de Valpara\u00edso y Magallanes del Colegio de Contadores de Chile\nA.G. de postergar el plazo de elecci\u00f3n de Reg\u00edmenes\nTributarios del 31 de julio al 30 de&nbsp;\nseptiembre de 2020, oficio que el pasado 06 de julio del presente fue\ndirigido a la\nsecretaria regional ministerial de Hacienda Regi\u00f3n de Magallanes y Ant\u00e1rtica\nChilena, Lil Garc\u00e9s, el cual evidencia la ausencia de instrucciones de la Ley 21.210, publicada hace casi cinco meses con\nfecha 24 de febrero de 2020, la cual modifica el D.L. 824 de la Ley de Impuesto\na la Renta.<\/p>\n\n\n\n<p>Un d\u00eda despu\u00e9s, el\nConsejo Regional Valpara\u00edso emplaz\u00f3 al Servicio de Impuestos Internos, SII, a\napurar la publicaci\u00f3n de las Circulares y Resoluciones asociadas a la Ley de\nModernizaci\u00f3n Tributaria, las cuales permiten aclarar &nbsp;y son el complemento de las normas tocantes a los\nnuevos Reg\u00edmenes Tributarios, que obliga a los contribuyentes a optar por uno con\nfecha tope de 31 de julio del a\u00f1o 2020.<\/p>\n\n\n\n<p>Tanto Roberto Lucero como Adolfo Canales,\npresidentes de los Consejos de Valpara\u00edso y Magallanes, respectivamente, han\nenfatizado en que, como gremio, se hace necesario que el Ministerio de Hacienda\nconteste a la brevedad dicho oficio acerca de la postergaci\u00f3n\ndel plazo de elecci\u00f3n de R\u00e9gimen tributario, ya que el viernes 17 de julio\nreci\u00e9n pasado el SII emiti\u00f3 la Resoluci\u00f3n N\u00ba 82, dejando de manifiesto que esta\nfecha se mantiene, acorde al Decreto Supremo vigente N\u00b0420.&nbsp; Por ende, es materia de Gobierno la\nmodificaci\u00f3n del plazo a trav\u00e9s de un decreto que lo modifique.<\/p>\n\n\n\n<p><strong>OTRA PIEDRA EN EL ZAPATO<\/strong><\/p>\n\n\n\n<p>Al respecto, Adolfo Canales\nse\u00f1al\u00f3 que \u201cesto no es un simple tr\u00e1mite administrativo que se puede conversar\nentre los contadores y el SII a nivel regional, esto involucra a todas las Pymes\na nivel nacional (98%) que pueden optar por dos reg\u00edmenes tributarios de la\ncl\u00e1usula Propyme, que el Gobierno desde el inicio de su mandato busc\u00f3\nconcretar. Ser\u00eda catastr\u00f3fico que por un error de elecci\u00f3n, en abril de 2021 en\nadelante las Pymes tributen pagando m\u00e1s de la cuenta por no haber tenido toda\nla informaci\u00f3n necesaria para elegir en conciencia, considerando que necesitan\nsupervivir a la crisis social y pand\u00e9mica manifiesta en nuestro pa\u00eds. No\npodemos dejar una elecci\u00f3n de este tipo al azar por mera clasificaci\u00f3n del\nsoftware del SII\u201d.&nbsp; <\/p>\n\n\n\n<p>Asimismo, el timonel de los\ncontadores de la Regi\u00f3n de Magallanes indic\u00f3 que no tomar una decisi\u00f3n correcta\ny precisa en este sentido \u201cser\u00eda para el Gobierno una nueva <strong>\u00abpiedra en el zapato\u00bb<\/strong>,\ndejando que las Pymes opten sin contar con toda la informaci\u00f3n.&nbsp; Ser\u00eda muy mal visto por la opini\u00f3n p\u00fablica,\nconsiderando que ni siquiera hay letra chica.&nbsp;\nSimplemente, no hay letra, ya que las Circulares y Resoluciones\ndefinitivas del SII no est\u00e1n disponibles\u201d.<\/p>\n\n\n\n<p>Cabe recordar que para que\nexista una gesti\u00f3n p\u00fablica efectiva se hace absolutamente necesario el acceso a\nla informaci\u00f3n, instrumento clave para el ejercicio de otros derechos, tales\ncomo derechos econ\u00f3micos, sociales y culturales. Es decir, permite a los\nciudadanos definir ciertas circunstancias que pueden afectar su vida cotidiana\ny desarrollar la capacidad para tomar decisiones informadas y acciones\nconcretas con el fin de mejorar sus condiciones de vida.<\/p>\n\n\n\n<p>En este marco, Roberto Lucero\nasever\u00f3 que en ausencia de instrucciones del SII, el rol garante de la fe\np\u00fablica de los contadores colegiados se visualiza en desmedro, ya que su papel\nen cuanto a la asesor\u00eda de los contribuyentes se ve truncado; a lo que se suma\nla problem\u00e1tica de los contribuyentes que no cuentan con un contador que los\ngu\u00ede en la toma de decisiones y la premura que significa la capacitaci\u00f3n por\nparte del SII en complejas materias tales como la Ley de Renta. <\/p>\n\n\n\n<p><strong>BRECHA DIGITAL<\/strong><\/p>\n\n\n\n<p>Otro de los inconvenientes a\nconsiderar es el hecho de que, actualmente, 7 millones de chilenos se\nencuentran en cuarentena solamente en la Regi\u00f3n Metropolitana, lo que hace imposible\nrealizar pr\u00e1cticas de difusi\u00f3n, problema anexo a que la mayor\u00eda de los\ncontribuyentes no son usuarios asiduos de las nuevas tecnolog\u00edas, sea esto por desconocimiento,\nbrecha generacional o falta de recursos.<\/p>\n\n\n\n<p>Por todo lo anterior se hace\nurgente que el Ministerio de Hacienda tome en cuenta la opini\u00f3n fundada del\nColegio de Contadores de Chile en cuanto a la pr\u00f3rroga del plazo de elecci\u00f3n de\nReg\u00edmenes Tributarios del 31 de julio al 30 de&nbsp;\nseptiembre de 2020, como tambi\u00e9n en otras mesas de trabajo. &nbsp;&nbsp;<\/p>\n\n\n\n<p><strong>APOYO A FUNCIONARIOS DEL SII<\/strong><\/p>\n\n\n\n<p>Durante esta semana, las\nasociaciones de funcionaros del SII, ANEIICH y AFIICH, presentaron una carta en\nque exigen a su director nacional respetar sus compromisos respecto a labores\npresenciales y cuidado de la vida y salud de sus funcionarios.<\/p>\n\n\n\n<p>En parte de su documento,\nse\u00f1ala que \u201clamentablemente, ayer mi\u00e9rcoles 15 de julio fuimos notificados de\nla decisi\u00f3n del director Fernando Barraza de implementar de forma unilateral un\nplan de retorno para todas las jefaturas del servicio y que establece\ncondiciones generalizables a todos\/as nuestros\/as funcionarios\/as. Esta\nirresponsable determinaci\u00f3n, desconoce el protocolo de retorno conversado con\nlas asociaciones, provocando un manto de desconfianza y falta de credibilidad a\nlos acuerdos tomados, y resulta del todo incomprensible, toda vez que no\nexpresa fundamento alguno, no responde a ninguna instrucci\u00f3n expresa ni presi\u00f3n,\nemanada de alguna autoridad sanitaria o de Gobierno\u201d. <\/p>\n\n\n\n<p>Con esta decisi\u00f3n, indica que\n\u201cse vulneran las confianzas de todos\/as quienes trabajamos en el SII que\ndurante el transcurso de esta pandemia hemos colaborado activamente en el\ncumplimiento de los objetivos institucionales\u201d, adem\u00e1s de implementar \u201cla\ncuestionada Ley de Modernizaci\u00f3n tributaria y de las diversas medidas que han\ndispuesto las autoridades de Gobierno, a\u00fan aquellas que se alejan de nuestro\nrol fiscalizador en materia tributaria, como es el caso de la certificaci\u00f3n de\nactividades esenciales para la emisi\u00f3n de permisos temporales y la orientaci\u00f3n\nrespecto a nuevos beneficios para la poblaci\u00f3n\u201d.<\/p>\n\n\n\n<p>Los directorios nacionales de\nlas asociaciones ANEIICH y AFIICH se declaran en estado de alerta y anuncian el\ndespliegue de \u201ctodas las acciones que resulten necesarias para proteger la\nsalud y la vida de nuestros\/as asociados\/as, a quienes convocamos a mantener\ncontacto permanente con sus dirigentes regionales y a estar atentos a las\nacciones sindicales que se implementen\u201d.<\/p>\n\n\n\n<p>Al mismo tiempo, hicieron un\nllamado a la Direcci\u00f3n del SII \u201ca no cometer el error de implementar medidas\nque han evidenciado su m\u00e1s absoluto fracaso en este contexto de pandemia, y a\nseguir sin la opini\u00f3n y participaci\u00f3n de sus trabajadores. Tenemos la camiseta\npuesta como siempre lo ha sido. <\/p>\n\n\n\n<p>Por todo lo anterior, los\nConsejos Regionales de Valpara\u00edso y Magallanes del Colegio de Contadores de Chile A.G. se\nsuman a estas exigencias por parte de los funcionarios del SII, adem\u00e1s de\nsolicitar la modificaci\u00f3n el DS.420 en lo que respecta al plazo de\nelecci\u00f3n de r\u00e9gimen tributario. <strong><\/strong><\/p>\n","protected":false},"excerpt":{"rendered":"<p>Sin ninguna respuesta de parte del Ministerio de Hacienda se encuentra el urgente requerimiento de parte de los Consejos Regionales de Valpara\u00edso y Magallanes del Colegio de Contadores de Chile&#8230; <a class=\"read-more\" href=\"https:\/\/www.radiopresidenteibanez.cl\/web\/consejo-regional-valparaiso-reitera-llamado-a-postergar-plazo-de-eleccion-de-regimenes-tributarios-al-30-de-septiembre-de-2020\/\">Leer m\u00e1s<\/a><\/p>\n","protected":false},"author":2,"featured_media":13528,"comment_status":"closed","ping_status":"closed","sticky":false,"template":"","format":"standard","meta":{"footnotes":""},"categories":[1],"tags":[],"class_list":["post-13527","post","type-post","status-publish","format-standard","has-post-thumbnail","hentry","category-cronica"],"_links":{"self":[{"href":"https:\/\/www.radiopresidenteibanez.cl\/web\/wp-json\/wp\/v2\/posts\/13527","targetHints":{"allow":["GET"]}}],"collection":[{"href":"https:\/\/www.radiopresidenteibanez.cl\/web\/wp-json\/wp\/v2\/posts"}],"about":[{"href":"https:\/\/www.radiopresidenteibanez.cl\/web\/wp-json\/wp\/v2\/types\/post"}],"author":[{"embeddable":true,"href":"https:\/\/www.radiopresidenteibanez.cl\/web\/wp-json\/wp\/v2\/users\/2"}],"replies":[{"embeddable":true,"href":"https:\/\/www.radiopresidenteibanez.cl\/web\/wp-json\/wp\/v2\/comments?post=13527"}],"version-history":[{"count":0,"href":"https:\/\/www.radiopresidenteibanez.cl\/web\/wp-json\/wp\/v2\/posts\/13527\/revisions"}],"wp:featuredmedia":[{"embeddable":true,"href":"https:\/\/www.radiopresidenteibanez.cl\/web\/wp-json\/wp\/v2\/media\/13528"}],"wp:attachment":[{"href":"https:\/\/www.radiopresidenteibanez.cl\/web\/wp-json\/wp\/v2\/media?parent=13527"}],"wp:term":[{"taxonomy":"category","embeddable":true,"href":"https:\/\/www.radiopresidenteibanez.cl\/web\/wp-json\/wp\/v2\/categories?post=13527"},{"taxonomy":"post_tag","embeddable":true,"href":"https:\/\/www.radiopresidenteibanez.cl\/web\/wp-json\/wp\/v2\/tags?post=13527"}],"curies":[{"name":"wp","href":"https:\/\/api.w.org\/{rel}","templated":true}]}}