{"id":13522,"date":"2020-07-22T13:44:18","date_gmt":"2020-07-22T13:44:18","guid":{"rendered":"https:\/\/www.radiopresidenteibanez.cl\/web\/?p=13522"},"modified":"2020-07-22T13:44:22","modified_gmt":"2020-07-22T13:44:22","slug":"senador-bianchi-respecto-a-votacion-del-proyecto-retiro-10-si-esto-no-se-aprueba-hoy-se-incendia-el-pais","status":"publish","type":"post","link":"https:\/\/www.radiopresidenteibanez.cl\/web\/senador-bianchi-respecto-a-votacion-del-proyecto-retiro-10-si-esto-no-se-aprueba-hoy-se-incendia-el-pais\/","title":{"rendered":"SENADOR BIANCHI RESPECTO A VOTACI\u00d3N DEL PROYECTO RETIRO 10%: \u201cSI ESTO NO SE APRUEBA HOY SE INCENDIA EL PA\u00cdS\u201d"},"content":{"rendered":"\n<p>En conversaci\u00f3n con radio presidente Ib\u00e1\u00f1ez, el senador Magall\u00e1nico,\nCarlos Bianchi, indic\u00f3&nbsp;que si este proyecto no se aprueba hoy se incendia\nel pa\u00eds&nbsp;ante la nula mirada del gobierno para dar soluciones a quienes m\u00e1s\nlo est\u00e1n necesitando<\/p>\n\n\n\n<p>Sobre si ha recibido alg\u00fan tipo de presi\u00f3n por pol\u00edticos o empresarios,\nel senador Bianchi, se\u00f1alo&nbsp;que \u00e9l es parlamentario gracias a la gente y\npor lo mismo no acepta ning\u00fan llamado para cambiar voto ya que desde la\ncreaci\u00f3n de este proyecto siempre he tenido claro mi voto a favor<\/p>\n\n\n\n<p>Al finalizar la entrevista con nuestra emisora, Carlos Bianchi, hizo un\nllamado a la comunidad a estar mentalmente conectados con el senado y as\u00ed\ndemostrarle a este gobierno indolente que el retiro de fondos es una gran\nsoluci\u00f3n&nbsp;especialmente para quienes m\u00e1s lo est\u00e1n necesitando&nbsp;<\/p>\n","protected":false},"excerpt":{"rendered":"<p>En conversaci\u00f3n con radio presidente Ib\u00e1\u00f1ez, el senador Magall\u00e1nico, Carlos Bianchi, indic\u00f3&nbsp;que si este proyecto no se aprueba hoy se incendia el pa\u00eds&nbsp;ante la nula mirada del gobierno para dar&#8230; <a class=\"read-more\" href=\"https:\/\/www.radiopresidenteibanez.cl\/web\/senador-bianchi-respecto-a-votacion-del-proyecto-retiro-10-si-esto-no-se-aprueba-hoy-se-incendia-el-pais\/\">Leer m\u00e1s<\/a><\/p>\n","protected":false},"author":2,"featured_media":1915,"comment_status":"closed","ping_status":"closed","sticky":false,"template":"","format":"standard","meta":{"footnotes":""},"categories":[1],"tags":[],"class_list":["post-13522","post","type-post","status-publish","format-standard","has-post-thumbnail","hentry","category-cronica"],"_links":{"self":[{"href":"https:\/\/www.radiopresidenteibanez.cl\/web\/wp-json\/wp\/v2\/posts\/13522","targetHints":{"allow":["GET"]}}],"collection":[{"href":"https:\/\/www.radiopresidenteibanez.cl\/web\/wp-json\/wp\/v2\/posts"}],"about":[{"href":"https:\/\/www.radiopresidenteibanez.cl\/web\/wp-json\/wp\/v2\/types\/post"}],"author":[{"embeddable":true,"href":"https:\/\/www.radiopresidenteibanez.cl\/web\/wp-json\/wp\/v2\/users\/2"}],"replies":[{"embeddable":true,"href":"https:\/\/www.radiopresidenteibanez.cl\/web\/wp-json\/wp\/v2\/comments?post=13522"}],"version-history":[{"count":0,"href":"https:\/\/www.radiopresidenteibanez.cl\/web\/wp-json\/wp\/v2\/posts\/13522\/revisions"}],"wp:featuredmedia":[{"embeddable":true,"href":"https:\/\/www.radiopresidenteibanez.cl\/web\/wp-json\/wp\/v2\/media\/1915"}],"wp:attachment":[{"href":"https:\/\/www.radiopresidenteibanez.cl\/web\/wp-json\/wp\/v2\/media?parent=13522"}],"wp:term":[{"taxonomy":"category","embeddable":true,"href":"https:\/\/www.radiopresidenteibanez.cl\/web\/wp-json\/wp\/v2\/categories?post=13522"},{"taxonomy":"post_tag","embeddable":true,"href":"https:\/\/www.radiopresidenteibanez.cl\/web\/wp-json\/wp\/v2\/tags?post=13522"}],"curies":[{"name":"wp","href":"https:\/\/api.w.org\/{rel}","templated":true}]}}