{"id":13520,"date":"2020-07-21T23:56:44","date_gmt":"2020-07-21T23:56:44","guid":{"rendered":"https:\/\/www.radiopresidenteibanez.cl\/web\/?p=13520"},"modified":"2020-07-21T23:56:48","modified_gmt":"2020-07-21T23:56:48","slug":"municipios-alertan-sobre-la-necesidad-de-que-el-mineduc-de-a-conocer-el-paso-a-paso-en-materia-educacional","status":"publish","type":"post","link":"https:\/\/www.radiopresidenteibanez.cl\/web\/municipios-alertan-sobre-la-necesidad-de-que-el-mineduc-de-a-conocer-el-paso-a-paso-en-materia-educacional\/","title":{"rendered":"MUNICIPIOS ALERTAN SOBRE LA NECESIDAD DE QUE EL MINEDUC DE A CONOCER EL \u201cPASO A PASO\u201d EN MATERIA EDUCACIONAL"},"content":{"rendered":"\n<p>La\nvuelta a clases en Chile a\u00fan es algo que no se ha podido definir por parte de\nlas autoridades. Los expertos aseguran que se deben brindar todas las medidas\nsanitarias y de seguridad antes de que los alumnos vuelvan a las aulas.<\/p>\n\n\n\n<p><br>\n&nbsp;El Presidente de la Asociaci\u00f3n Chilena\nde Municipalidades (AChM), Alcalde de Natales, Fernando Paredes, se\u00f1al\u00f3 que \u201cla\nresponsabilidad que recae en la AChM, es presentar estos datos al Ministerio de\nEducaci\u00f3n, para que empiece a bajar los protocolos y sobre esa base se\nplanifique &nbsp;y visualice, &nbsp;cu\u00e1les podr\u00edan ser los costos de una\neventual retorno a clases, sin establecer una fecha, sobre una materia tan\nrelevante como la educaci\u00f3n de todas las comunas del pa\u00eds\u201d.<\/p>\n\n\n\n<p><br>\n&nbsp;El jefe comunal de Natales agreg\u00f3 que\n\u201ces absolutamente v\u00e1lido que algunas comunas que est\u00e1n en cuarentena aun no tengan\nla posibilidad de pensar en un retorno al corto plazo, pero no es menos cierto\nque otras comunas en otras regiones, que perfectamente tienen las condiciones\npara poder volver a clases, lo que deber\u00e1 calificar el Ministerio de Salud a\ntrav\u00e9s del programa \u201cpaso a paso\u201d.<\/p>\n\n\n\n<p><br>\n&nbsp;El ministro de Educaci\u00f3n, Ra\u00fal Figueroa,\nha planteado exhaustivamente que, si bien es necesario que los alumnos retornen\ndurante este a\u00f1o, la fecha a\u00fan no est\u00e1 definida. Asimismo, ha declarado que los\nprotocolos se trabajar\u00e1n de manera individual con los alcaldes y cada\nsostenedor que solicite la reapertura de los colegios. Una decisi\u00f3n que no ha\ndejado contenta a las autoridades comunales, quienes declaran que es el propio\nMinisterio de Educaci\u00f3n el que debiese hacerse cargo de los planes de retorno\nde manera global, y no destinar esa tarea a los mismos municipios.<\/p>\n\n\n\n<p><br>\n<strong>Datos del estudio:<\/strong><\/p>\n\n\n\n<p><br>\nSeg\u00fan la consulta ciudadana sobre \u201cModalidad online y retorno a clases en la\neducaci\u00f3n chilena\u201d, un 68% de los encuestados declar\u00f3 que no enviar\u00eda a sus\nhijos a clases presenciales si el retorno fuese el segundo semestre.<\/p>\n\n\n\n<p><br>\nPara analizar el escenario en el que se enfrenta el retorno a clases y los\ncostos asociados, la Escuela de Gobierno Local realiz\u00f3 un estudio con el fin de\ndar a conocer los distintos elementos que los establecimientos debieran\nconsiderar para poder tener un retorno a clases seguro, as\u00ed como el costo de\nimplementarlo en el sistema educacional municipal, tomando en cuenta todas las\nmedidas necesarias recomendadas por la OMS.<\/p>\n\n\n\n<p><br>\nEl sistema escolar municipal cuenta con un total de 4.879 establecimientos a\nnivel nacional, con m\u00e1s de 1.200.000 alumnos y 105.000 docentes. Para tener un\nretorno seguro se necesita contar con elementos b\u00e1sicos de higiene y\nprotecci\u00f3n, tales como: mascarillas, escudos faciales, alcohol gel, jab\u00f3n\nl\u00edquido, toallas desinfectantes, papel secante, term\u00f3metros digitales y amonio\ncuaternario. El uso diario de estos puede variar dependiendo de la cantidad de\nhoras que los alumnos pasen en la jornada escolar y la cantidad de estudiantes\ny docentes que ingresen a cada colegio.<\/p>\n\n\n\n<p><br>\nAl tomar en cuenta todas estas variables, el costo total aproximado del retorno\na clases para todos los establecimientos municipales ser\u00eda de $12 mil millones\nmensuales, considerando solo media jornada escolar. Este c\u00e1lculo no considera a\njardines infantiles, escuelas de lenguaje, ni el costo de los funcionarios\nauxiliares, debido a la falta de informaci\u00f3n de algunas comunas.<\/p>\n\n\n\n<p><br>\nFrente a estos costos, cabe preguntarse si realmente el sistema municipal\nchileno est\u00e1 preparado para este eventual retorno a clases seguro, en una\nsituaci\u00f3n en la que la gran mayor\u00eda de las administraciones locales ha\ndeclarado que se encuentra con deudas relacionadas a la salud y a la educaci\u00f3n.\nEstableciendo la duda si contar\u00e1n con los recursos suficientes para hacer\nfrente al retorno de clases y cumplir con los requerimientos para brindar las\nadecuadas medidas de protecci\u00f3n e higiene para alumnos y docentes.<\/p>\n\n\n\n<p><br>\nEs fundamental otorgar una serie de garant\u00edas a cada establecimiento municipal\npara que cuenten con todos los elementos necesarios que conviertan a los\ncolegios en lugares \u201cseguros\u201d para impartir la educaci\u00f3n a los estudiantes, por\nlo que se requiere contar con un financiamiento de base y estable en el tiempo.<\/p>\n\n\n\n<p><br>\nSe vuelve a hacer patente la necesidad de reforzar a los municipios,\notorg\u00e1ndoles mayores atribuciones y financiamientos que puedan garantizar que\ntodos quienes vuelvan a las aulas no se queden sin las medidas recomendadas\npara hacer frente al complicado escenario de retorno a clases presenciales en\nmedio de una pandemia.<\/p>\n","protected":false},"excerpt":{"rendered":"<p>La vuelta a clases en Chile a\u00fan es algo que no se ha podido definir por parte de las autoridades. Los expertos aseguran que se deben brindar todas las medidas&#8230; <a class=\"read-more\" href=\"https:\/\/www.radiopresidenteibanez.cl\/web\/municipios-alertan-sobre-la-necesidad-de-que-el-mineduc-de-a-conocer-el-paso-a-paso-en-materia-educacional\/\">Leer m\u00e1s<\/a><\/p>\n","protected":false},"author":2,"featured_media":8214,"comment_status":"closed","ping_status":"closed","sticky":false,"template":"","format":"standard","meta":{"footnotes":""},"categories":[1],"tags":[],"class_list":["post-13520","post","type-post","status-publish","format-standard","has-post-thumbnail","hentry","category-cronica"],"_links":{"self":[{"href":"https:\/\/www.radiopresidenteibanez.cl\/web\/wp-json\/wp\/v2\/posts\/13520","targetHints":{"allow":["GET"]}}],"collection":[{"href":"https:\/\/www.radiopresidenteibanez.cl\/web\/wp-json\/wp\/v2\/posts"}],"about":[{"href":"https:\/\/www.radiopresidenteibanez.cl\/web\/wp-json\/wp\/v2\/types\/post"}],"author":[{"embeddable":true,"href":"https:\/\/www.radiopresidenteibanez.cl\/web\/wp-json\/wp\/v2\/users\/2"}],"replies":[{"embeddable":true,"href":"https:\/\/www.radiopresidenteibanez.cl\/web\/wp-json\/wp\/v2\/comments?post=13520"}],"version-history":[{"count":0,"href":"https:\/\/www.radiopresidenteibanez.cl\/web\/wp-json\/wp\/v2\/posts\/13520\/revisions"}],"wp:featuredmedia":[{"embeddable":true,"href":"https:\/\/www.radiopresidenteibanez.cl\/web\/wp-json\/wp\/v2\/media\/8214"}],"wp:attachment":[{"href":"https:\/\/www.radiopresidenteibanez.cl\/web\/wp-json\/wp\/v2\/media?parent=13520"}],"wp:term":[{"taxonomy":"category","embeddable":true,"href":"https:\/\/www.radiopresidenteibanez.cl\/web\/wp-json\/wp\/v2\/categories?post=13520"},{"taxonomy":"post_tag","embeddable":true,"href":"https:\/\/www.radiopresidenteibanez.cl\/web\/wp-json\/wp\/v2\/tags?post=13520"}],"curies":[{"name":"wp","href":"https:\/\/api.w.org\/{rel}","templated":true}]}}