{"id":13517,"date":"2020-07-21T23:55:53","date_gmt":"2020-07-21T23:55:53","guid":{"rendered":"https:\/\/www.radiopresidenteibanez.cl\/web\/?p=13517"},"modified":"2020-07-21T23:55:57","modified_gmt":"2020-07-21T23:55:57","slug":"seremi-del-trabajo-destaca-aprobacion-de-ley-crianza-protegida","status":"publish","type":"post","link":"https:\/\/www.radiopresidenteibanez.cl\/web\/seremi-del-trabajo-destaca-aprobacion-de-ley-crianza-protegida\/","title":{"rendered":"SEREMI DEL TRABAJO DESTACA APROBACI\u00d3N DE LEY \u201cCRIANZA PROTEGIDA\u201d"},"content":{"rendered":"\n<p>Esta tarde fue aprobado en la C\u00e1mara\nde Diputados el llamado proyecto de ley \u201cCrianza Protegida\u201d, quedando listo para\nsu despacho a ley. La iniciativa, fruto de un acuerdo entre el Ejecutivo y\nparlamentarios de gobierno y oposici\u00f3n busca dar apoyo a m\u00e1s de 850 mil madres,\npadres y cuidadores de ni\u00f1os y ni\u00f1as en edad preescolar durante esta emergencia\nsanitaria.<\/p>\n\n\n\n<p>Seg\u00fan explic\u00f3 la Seremi del Trabajo,\nVictoria Cort\u00e9s Schiattino, quien destac\u00f3 la r\u00e1pida aprobaci\u00f3n del Congreso,\n\u201cpara lograr su objetivo, el proyecto crea una licencia m\u00e9dica preventiva\nparental Covid-19 \u2013con cargo Isapre o Fonasa seg\u00fan corresponda- a la que podr\u00e1\nacceder cualquier madre o padre cuyo permiso posnatal haya vencido a partir del\n18 de marzo de este a\u00f1o, pudiendo extenderse hasta tres meses\u201d, mientras se\nmantenga el estado de excepci\u00f3n constitucional debido a la pandemia.<\/p>\n\n\n\n<p>De esta manera, los padres podr\u00e1n\nseguir recibiendo el monto del subsidio equivalente al recibido durante su\npermiso de postnatal parental.<\/p>\n\n\n\n<p>\u201cAl mismo tiempo, la iniciativa\npermite a quienes tengan a su cargo el cuidado de ni\u00f1os y ni\u00f1as menores de seis\na\u00f1os, acogerse a los beneficios de la ley de protecci\u00f3n del empleo para poder\ncumplir con el cuidado de los menores y, a la vez, no tener el temor de perder\nsu fuente laboral, que es nuestra principal preocupaci\u00f3n como gobierno del\nPresidente Sebasti\u00e1n Pi\u00f1era. Todo lo cual, sin duda, significar\u00e1 un alivio para\nquienes no tienen con quien dejar a sus hijos para ir a trabajar\u201d, agreg\u00f3 la\nsecretaria regional.<\/p>\n\n\n\n<p>Con esta ley el gobierno busca dar una\nrespuesta concreta a la necesidad de miles de personas, otorg\u00e1ndoles una ayuda\npara el cuidado de sus hijos sin poner en riesgo la vida y salud de ellos para\nlograrlo, se\u00f1al\u00f3 el Ministro (s) del Trabajo, Fernando Arab.<\/p>\n\n\n\n<p>Las autoridades agregaron que, tanto\nla licencia m\u00e9dica preventiva parental como las prestaciones otorgadas por la\nley de protecci\u00f3n del empleo por motivos de cuidado ser\u00e1n compatibles con los\nbeneficios del Ingreso Familiar de Emergencia y otros aportados por el\nGobierno.<\/p>\n","protected":false},"excerpt":{"rendered":"<p>Esta tarde fue aprobado en la C\u00e1mara de Diputados el llamado proyecto de ley \u201cCrianza Protegida\u201d, quedando listo para su despacho a ley. La iniciativa, fruto de un acuerdo entre&#8230; <a class=\"read-more\" href=\"https:\/\/www.radiopresidenteibanez.cl\/web\/seremi-del-trabajo-destaca-aprobacion-de-ley-crianza-protegida\/\">Leer m\u00e1s<\/a><\/p>\n","protected":false},"author":2,"featured_media":13518,"comment_status":"closed","ping_status":"closed","sticky":false,"template":"","format":"standard","meta":{"footnotes":""},"categories":[1],"tags":[],"class_list":["post-13517","post","type-post","status-publish","format-standard","has-post-thumbnail","hentry","category-cronica"],"_links":{"self":[{"href":"https:\/\/www.radiopresidenteibanez.cl\/web\/wp-json\/wp\/v2\/posts\/13517","targetHints":{"allow":["GET"]}}],"collection":[{"href":"https:\/\/www.radiopresidenteibanez.cl\/web\/wp-json\/wp\/v2\/posts"}],"about":[{"href":"https:\/\/www.radiopresidenteibanez.cl\/web\/wp-json\/wp\/v2\/types\/post"}],"author":[{"embeddable":true,"href":"https:\/\/www.radiopresidenteibanez.cl\/web\/wp-json\/wp\/v2\/users\/2"}],"replies":[{"embeddable":true,"href":"https:\/\/www.radiopresidenteibanez.cl\/web\/wp-json\/wp\/v2\/comments?post=13517"}],"version-history":[{"count":0,"href":"https:\/\/www.radiopresidenteibanez.cl\/web\/wp-json\/wp\/v2\/posts\/13517\/revisions"}],"wp:featuredmedia":[{"embeddable":true,"href":"https:\/\/www.radiopresidenteibanez.cl\/web\/wp-json\/wp\/v2\/media\/13518"}],"wp:attachment":[{"href":"https:\/\/www.radiopresidenteibanez.cl\/web\/wp-json\/wp\/v2\/media?parent=13517"}],"wp:term":[{"taxonomy":"category","embeddable":true,"href":"https:\/\/www.radiopresidenteibanez.cl\/web\/wp-json\/wp\/v2\/categories?post=13517"},{"taxonomy":"post_tag","embeddable":true,"href":"https:\/\/www.radiopresidenteibanez.cl\/web\/wp-json\/wp\/v2\/tags?post=13517"}],"curies":[{"name":"wp","href":"https:\/\/api.w.org\/{rel}","templated":true}]}}