{"id":13514,"date":"2020-07-21T23:54:18","date_gmt":"2020-07-21T23:54:18","guid":{"rendered":"https:\/\/www.radiopresidenteibanez.cl\/web\/?p=13514"},"modified":"2020-07-21T23:54:22","modified_gmt":"2020-07-21T23:54:22","slug":"por-quinto-ano-consecutivo-distinguen-a-epaustral-por-celeridad-en-pago-a-proveedores-pyme","status":"publish","type":"post","link":"https:\/\/www.radiopresidenteibanez.cl\/web\/por-quinto-ano-consecutivo-distinguen-a-epaustral-por-celeridad-en-pago-a-proveedores-pyme\/","title":{"rendered":"POR QUINTO A\u00d1O CONSECUTIVO DISTINGUEN A EPAUSTRAL  POR CELERIDAD EN PAGO A PROVEEDORES PYME"},"content":{"rendered":"\n<p>Como una manera de reconocer el comportamiento de Epaustral en materia de celeridad en el pago a peque\u00f1as y medianas empresas proveedoras, el Ministerio de Econom\u00eda renov\u00f3 por quinto a\u00f1o consecutivo la vigencia del Sello ProPyme.<\/p>\n\n\n\n<p>Desde que esta certificaci\u00f3n le fuese otorgada por primera vez en 2016, la Empresa Portuaria Austral ha incorporado esta buena pr\u00e1ctica como un pilar en su gesti\u00f3n administrativa y financiera, someti\u00e9ndose anualmente a una auditor\u00eda externa para constatar el cumplimiento de las exigencias para su mantenci\u00f3n.<\/p>\n\n\n\n<p>El Sello Propyme es una iniciativa de apoyo a las peque\u00f1as y medianas empresas proveedoras, que promueve el pago de facturas a proveedores Pyme en un plazo no superior a los 30 d\u00edas. Entre las buenas pr\u00e1cticas que contempla, destaca el reforzamiento de los procesos de control de cumplimiento de plazos de tramitaci\u00f3n de facturas, mejorando la relaci\u00f3n con los proveedores y contratistas de Epaustral.&nbsp;En 2019, un 63% de los proveedores de la empresa fueron Pyme y a un 97% de ellas se les cancel\u00f3 la compra de sus bienes y servicios en un plazo m\u00e1ximo de 30 d\u00edas.<\/p>\n\n\n\n<p>En el documento que se reconoce la renovaci\u00f3n de la vigencia del Sello Propyme, el Subsecretario de Econom\u00eda y Empresas de Menor Tama\u00f1o, Esteban Carrasco Zambrano, felicit\u00f3 la permanencia de Epaustral en esta iniciativa, agradeciendo a la gerencia general \u201ctoda la colaboraci\u00f3n y disposici\u00f3n para contribuir con este programa, que permite a las empresas proveedoras de menor tama\u00f1o contar con sus recursos a tiempo\u201d.<\/p>\n\n\n\n<p>Dado que a partir de 2021 no ser\u00e1 necesario el trabajo de recertificaci\u00f3n, por la obligaci\u00f3n legal del pago a 30 d\u00edas vigente desde abril pasado, el Subsecretario Esteban Carrasco destac\u00f3 que \u201cla Empresa Portuaria Austral fue capaz de entender tempranamente la importancia y consecuencias que tienen, para la continuidad y crecimiento de las Pymes, las buenas pr\u00e1cticas de pago y el esfuerzo realizado al modificar sus procesos internos para generar el pago oportuno a sus proveedores\u201d.<\/p>\n\n\n\n<p>Al respecto, el gerente general de la Empresa Portuaria Austral, Rodrigo Pommiez Aravena expres\u00f3 su satisfacci\u00f3n con la renovaci\u00f3n de este sello, \u201cpues refuerza el compromiso que asumimos con nuestros proveedores hace cinco a\u00f1os, en cuanto a realizar el pago oportuno de sus servicios\u201d. Por ello, extendi\u00f3 sus felicitaciones \u201ca todo el equipo que trabaja regularmente para cumplir este objetivo\u201d.&nbsp;&nbsp;<\/p>\n\n\n\n<p>El compromiso de la Empresa Portuaria Austral con el pago oportuno a sus proveedores Pyme se enmarca en el enfoque de sostenibilidad que pretende imprimir en su quehacer diario, contemplando en el desarrollo de sus tareas el respeto por la normativa medioambiental, el uso eficiente de recursos y el sentido de comunidad.<\/p>\n","protected":false},"excerpt":{"rendered":"<p>Como una manera de reconocer el comportamiento de Epaustral en materia de celeridad en el pago a peque\u00f1as y medianas empresas proveedoras, el Ministerio de Econom\u00eda renov\u00f3 por quinto a\u00f1o&#8230; <a class=\"read-more\" href=\"https:\/\/www.radiopresidenteibanez.cl\/web\/por-quinto-ano-consecutivo-distinguen-a-epaustral-por-celeridad-en-pago-a-proveedores-pyme\/\">Leer m\u00e1s<\/a><\/p>\n","protected":false},"author":2,"featured_media":13515,"comment_status":"closed","ping_status":"closed","sticky":false,"template":"","format":"standard","meta":{"footnotes":""},"categories":[1],"tags":[],"class_list":["post-13514","post","type-post","status-publish","format-standard","has-post-thumbnail","hentry","category-cronica"],"_links":{"self":[{"href":"https:\/\/www.radiopresidenteibanez.cl\/web\/wp-json\/wp\/v2\/posts\/13514","targetHints":{"allow":["GET"]}}],"collection":[{"href":"https:\/\/www.radiopresidenteibanez.cl\/web\/wp-json\/wp\/v2\/posts"}],"about":[{"href":"https:\/\/www.radiopresidenteibanez.cl\/web\/wp-json\/wp\/v2\/types\/post"}],"author":[{"embeddable":true,"href":"https:\/\/www.radiopresidenteibanez.cl\/web\/wp-json\/wp\/v2\/users\/2"}],"replies":[{"embeddable":true,"href":"https:\/\/www.radiopresidenteibanez.cl\/web\/wp-json\/wp\/v2\/comments?post=13514"}],"version-history":[{"count":0,"href":"https:\/\/www.radiopresidenteibanez.cl\/web\/wp-json\/wp\/v2\/posts\/13514\/revisions"}],"wp:featuredmedia":[{"embeddable":true,"href":"https:\/\/www.radiopresidenteibanez.cl\/web\/wp-json\/wp\/v2\/media\/13515"}],"wp:attachment":[{"href":"https:\/\/www.radiopresidenteibanez.cl\/web\/wp-json\/wp\/v2\/media?parent=13514"}],"wp:term":[{"taxonomy":"category","embeddable":true,"href":"https:\/\/www.radiopresidenteibanez.cl\/web\/wp-json\/wp\/v2\/categories?post=13514"},{"taxonomy":"post_tag","embeddable":true,"href":"https:\/\/www.radiopresidenteibanez.cl\/web\/wp-json\/wp\/v2\/tags?post=13514"}],"curies":[{"name":"wp","href":"https:\/\/api.w.org\/{rel}","templated":true}]}}