{"id":13511,"date":"2020-07-21T23:50:36","date_gmt":"2020-07-21T23:50:36","guid":{"rendered":"https:\/\/www.radiopresidenteibanez.cl\/web\/?p=13511"},"modified":"2020-07-21T23:50:39","modified_gmt":"2020-07-21T23:50:39","slug":"organizaciones-regionales-reciben-mas-de-36-millones-de-fondo-concursable-del-ministerio-de-desarrollo-social","status":"publish","type":"post","link":"https:\/\/www.radiopresidenteibanez.cl\/web\/organizaciones-regionales-reciben-mas-de-36-millones-de-fondo-concursable-del-ministerio-de-desarrollo-social\/","title":{"rendered":"ORGANIZACIONES REGIONALES RECIBEN M\u00c1S DE $36 MILLONES DE FONDO CONCURSABLE DEL MINISTERIO DE DESARROLLO SOCIAL"},"content":{"rendered":"\n<p>Un total de 6 organizaciones de la sociedad civil de Magallanes participaron del fondo concursable Chile Compromiso de Todos 2020, organizado por el Ministerio de Desarrollo Social y Familia y que destin\u00f3 800 millones para financiar proyectos vinculados a la superaci\u00f3n de la pobreza y vulnerabilidades social de personas y familias del pa\u00eds.<\/p>\n\n\n\n<p>De las 6 fundaciones regionales que postularon al fondo, 2 de ellas fueron declaradas admisibles, obteniendo el financiamiento solicitado. Se trata de la Fundaci\u00f3n de Apoyo y Rehabilitaci\u00f3n Tierra de \u00c1ngeles, quienes se adjudicaron 20 millones de pesos para poner en marcha el proyecto sobre confecci\u00f3n de kits de higiene y soporte educativo sobre el COVID, dirigido a la poblaci\u00f3n inmigrante de Punta Arenas.<\/p>\n\n\n\n<p>La segunda organizaci\u00f3n corresponde al Comit\u00e9 Regional de la Cruz Roja, quienes presentaron una iniciativa por $16.205.600 para entregar atenci\u00f3n kin\u00e9sica y asistencial a pacientes postrados, cr\u00f3nicos y familias vulnerables, adem\u00e1s de un programa de educaci\u00f3n en t\u00e9cnicas de autocuidado sobre COVID para los habitantes de Punta Arenas.<\/p>\n\n\n\n<p>La Seremi de Desarrollo Social y Familia, Liz Casanueva, hizo extensivo su saludo a todas las iniciativas de la sociedad civil que se presentaron, argumentando que \u201cpara este a\u00f1o se estableci\u00f3 en las bases una focalizaci\u00f3n en el apoyo para el combate de la pandemia en Chile, poniendo \u00e9nfasis en la implementaci\u00f3n de mejoras o reformulaci\u00f3n de procesos en estos proyectos y que tengan dentro de sus objetivos el apoyo a la superaci\u00f3n de su vulnerabilidad, y\/o la entrega de servicios o productos directos a personas o grupos vulnerables\u201d.<\/p>\n\n\n\n<p>Como una forma de facilitar la gesti\u00f3n y ejecuci\u00f3n de los proyecto durante el a\u00f1o 2020-2021, ayer lunes 20 de julio se realiz\u00f3 a trav\u00e9s de videoconferencia una capacitaci\u00f3n t\u00e9cnica-financiera por parte de funcionarios de la Divisi\u00f3n de Cooperaci\u00f3n P\u00fablico Privada de la Subsecretar\u00eda de Evaluaci\u00f3n Social y de la Seremi de Desarrollo Social y Familia a los ejecutores que fueron favorecidos en este concurso.<\/p>\n","protected":false},"excerpt":{"rendered":"<p>Un total de 6 organizaciones de la sociedad civil de Magallanes participaron del fondo concursable Chile Compromiso de Todos 2020, organizado por el Ministerio de Desarrollo Social y Familia y&#8230; <a class=\"read-more\" href=\"https:\/\/www.radiopresidenteibanez.cl\/web\/organizaciones-regionales-reciben-mas-de-36-millones-de-fondo-concursable-del-ministerio-de-desarrollo-social\/\">Leer m\u00e1s<\/a><\/p>\n","protected":false},"author":2,"featured_media":13512,"comment_status":"closed","ping_status":"closed","sticky":false,"template":"","format":"standard","meta":{"footnotes":""},"categories":[1],"tags":[],"class_list":["post-13511","post","type-post","status-publish","format-standard","has-post-thumbnail","hentry","category-cronica"],"_links":{"self":[{"href":"https:\/\/www.radiopresidenteibanez.cl\/web\/wp-json\/wp\/v2\/posts\/13511","targetHints":{"allow":["GET"]}}],"collection":[{"href":"https:\/\/www.radiopresidenteibanez.cl\/web\/wp-json\/wp\/v2\/posts"}],"about":[{"href":"https:\/\/www.radiopresidenteibanez.cl\/web\/wp-json\/wp\/v2\/types\/post"}],"author":[{"embeddable":true,"href":"https:\/\/www.radiopresidenteibanez.cl\/web\/wp-json\/wp\/v2\/users\/2"}],"replies":[{"embeddable":true,"href":"https:\/\/www.radiopresidenteibanez.cl\/web\/wp-json\/wp\/v2\/comments?post=13511"}],"version-history":[{"count":0,"href":"https:\/\/www.radiopresidenteibanez.cl\/web\/wp-json\/wp\/v2\/posts\/13511\/revisions"}],"wp:featuredmedia":[{"embeddable":true,"href":"https:\/\/www.radiopresidenteibanez.cl\/web\/wp-json\/wp\/v2\/media\/13512"}],"wp:attachment":[{"href":"https:\/\/www.radiopresidenteibanez.cl\/web\/wp-json\/wp\/v2\/media?parent=13511"}],"wp:term":[{"taxonomy":"category","embeddable":true,"href":"https:\/\/www.radiopresidenteibanez.cl\/web\/wp-json\/wp\/v2\/categories?post=13511"},{"taxonomy":"post_tag","embeddable":true,"href":"https:\/\/www.radiopresidenteibanez.cl\/web\/wp-json\/wp\/v2\/tags?post=13511"}],"curies":[{"name":"wp","href":"https:\/\/api.w.org\/{rel}","templated":true}]}}