{"id":13508,"date":"2020-07-21T23:48:46","date_gmt":"2020-07-21T23:48:46","guid":{"rendered":"https:\/\/www.radiopresidenteibanez.cl\/web\/?p=13508"},"modified":"2020-07-21T23:48:50","modified_gmt":"2020-07-21T23:48:50","slug":"el-100-de-las-empresas-socias-de-cchc-punta-arenas-estan-adheridas-al-protocolo-sanitario","status":"publish","type":"post","link":"https:\/\/www.radiopresidenteibanez.cl\/web\/el-100-de-las-empresas-socias-de-cchc-punta-arenas-estan-adheridas-al-protocolo-sanitario\/","title":{"rendered":"EL 100% DE LAS EMPRESAS SOCIAS DE CCHC PUNTA ARENAS EST\u00c1N ADHERIDAS AL PROTOCOLO SANITARIO"},"content":{"rendered":"\n<p>Velar por la salud de los trabajadores del sector es uno de los objetivos de la C\u00e1mara Chilena de la Construcci\u00f3n durante la pandemia del COVID-19. Por ello, la CChC Punta Arenas impuls\u00f3 la adhesi\u00f3n al \u201cProtocolo&nbsp;para el Manejo y Prevenci\u00f3n del COVID-19 en el Sector Construcci\u00f3n\u201d y este mes consigui\u00f3 que el 100% de sus empresas socias firmaran el compromiso.<\/p>\n\n\n\n<p>&nbsp;\u201cEstamos muy contentos con este logro, considerando que estamos viviendo una pandemia y para superarla se requiere que todos estemos comprometidos a prevenir el contagio. La adhesi\u00f3n del 100% al Protocolo Sanitario en Punta Arenas refleja que como gremio estamos preocupados de la salud de nuestros trabajadores, de sus familias y tambi\u00e9n de la comunidad\u201d, indic\u00f3 Jos\u00e9 Alvarado, presidente de CChC Punta Arenas.<\/p>\n\n\n\n<p>Cabe destacar que al menos 3.800 trabajadores de la construcci\u00f3n en la regi\u00f3n de Magallanes y Ant\u00e1rtica Chilena ejecutan sus labores en obras o centros de trabajo que est\u00e1n adheridas al Protocolo Sanitario CChC.<\/p>\n\n\n\n<p>El Protocolo Sanitario para obras de construcci\u00f3n, que se realiz\u00f3 en conjunto con el Ministerio de Econom\u00eda, Vivienda y Urbanismo y Salud, recomienda estrictas medidas de higiene al inicio, durante y al t\u00e9rmino de las faenas, as\u00ed como cambios en los h\u00e1bitos y las rutinas de coordinaci\u00f3n de las tareas. Adem\u00e1s, el documento incluye indicaciones como habilitar puntos de lavado y limpieza en distintos lugares de la obra o faena y c\u00f3mo actuar en caso de sospecha de contagio, entre otras.<\/p>\n\n\n\n<p>La meta del 100% cumplida por CChC Punta Arenas fue destacada a nivel nacional por la C\u00e1mara Chilena de la Construcci\u00f3n en representaci\u00f3n de la gerente de Red Nacional Paula Urenda y el presidente Patricio Donoso.<br><\/p>\n","protected":false},"excerpt":{"rendered":"<p>Velar por la salud de los trabajadores del sector es uno de los objetivos de la C\u00e1mara Chilena de la Construcci\u00f3n durante la pandemia del COVID-19. Por ello, la CChC&#8230; <a class=\"read-more\" href=\"https:\/\/www.radiopresidenteibanez.cl\/web\/el-100-de-las-empresas-socias-de-cchc-punta-arenas-estan-adheridas-al-protocolo-sanitario\/\">Leer m\u00e1s<\/a><\/p>\n","protected":false},"author":2,"featured_media":13509,"comment_status":"closed","ping_status":"closed","sticky":false,"template":"","format":"standard","meta":{"footnotes":""},"categories":[1],"tags":[],"class_list":["post-13508","post","type-post","status-publish","format-standard","has-post-thumbnail","hentry","category-cronica"],"_links":{"self":[{"href":"https:\/\/www.radiopresidenteibanez.cl\/web\/wp-json\/wp\/v2\/posts\/13508","targetHints":{"allow":["GET"]}}],"collection":[{"href":"https:\/\/www.radiopresidenteibanez.cl\/web\/wp-json\/wp\/v2\/posts"}],"about":[{"href":"https:\/\/www.radiopresidenteibanez.cl\/web\/wp-json\/wp\/v2\/types\/post"}],"author":[{"embeddable":true,"href":"https:\/\/www.radiopresidenteibanez.cl\/web\/wp-json\/wp\/v2\/users\/2"}],"replies":[{"embeddable":true,"href":"https:\/\/www.radiopresidenteibanez.cl\/web\/wp-json\/wp\/v2\/comments?post=13508"}],"version-history":[{"count":0,"href":"https:\/\/www.radiopresidenteibanez.cl\/web\/wp-json\/wp\/v2\/posts\/13508\/revisions"}],"wp:featuredmedia":[{"embeddable":true,"href":"https:\/\/www.radiopresidenteibanez.cl\/web\/wp-json\/wp\/v2\/media\/13509"}],"wp:attachment":[{"href":"https:\/\/www.radiopresidenteibanez.cl\/web\/wp-json\/wp\/v2\/media?parent=13508"}],"wp:term":[{"taxonomy":"category","embeddable":true,"href":"https:\/\/www.radiopresidenteibanez.cl\/web\/wp-json\/wp\/v2\/categories?post=13508"},{"taxonomy":"post_tag","embeddable":true,"href":"https:\/\/www.radiopresidenteibanez.cl\/web\/wp-json\/wp\/v2\/tags?post=13508"}],"curies":[{"name":"wp","href":"https:\/\/api.w.org\/{rel}","templated":true}]}}