{"id":13505,"date":"2020-07-21T14:27:50","date_gmt":"2020-07-21T14:27:50","guid":{"rendered":"https:\/\/www.radiopresidenteibanez.cl\/web\/?p=13505"},"modified":"2020-07-21T15:23:23","modified_gmt":"2020-07-21T15:23:23","slug":"concejal-soler-solicita-que-se-ejecute-plan-de-arbilizacion-de-punta-arenas-y-el-apoyo-tecnico-de-conaf-para-el-cuidado-de-los-arboles-de-la-plaza-armas","status":"publish","type":"post","link":"https:\/\/www.radiopresidenteibanez.cl\/web\/concejal-soler-solicita-que-se-ejecute-plan-de-arbilizacion-de-punta-arenas-y-el-apoyo-tecnico-de-conaf-para-el-cuidado-de-los-arboles-de-la-plaza-armas\/","title":{"rendered":"CONCEJAL SOLER, SOLICITA QUE SE EJECUTE PLAN DE ARBORIZACI\u00d3N DE PUNTA ARENAS Y EL APOYO TECNICO DE CONAF PARA EL CUIDADO DE LOS ARBOLES DE LA PLAZA ARMAS"},"content":{"rendered":"\n<p>\n\nAlcalde don Claudio, por la presente adem\u00e1s de saludarlo, me permito molestarlo ante tan importante tema para todos los Vecinos de nuestra ciudad como es los Arboles de nuestra Plaza de Armas y el Plan de Arborizaci\u00f3n de Punta Arenas, por ello, le solicito &nbsp;en virtud del convenio de nuestra Municipalidad con Conaf, tenga a bien:<\/p>\n\n\n\n<p>1.- Solicitar a Conaf el apoyo t\u00e9cnico de para el manejo, cuidado y mantenci\u00f3n del arbolado urbano de la Plaza de Armas a, seg\u00fan la cl\u00e1usula quinta.<\/p>\n\n\n\n<p>2.- Ejecutar el Programa de Arborizaci\u00f3n que establece el convenio.<\/p>\n\n\n\n<p>3.- Comenzar los tramites de renovaci\u00f3n o prorroga de tan importante convenio, que vence el d\u00eda 31 de diciembre de 2020.<\/p>\n\n\n\n<p>Atento a sus comentarios, se despide Cordialmente<\/p>\n\n\n\n<p>Alejandro Soler Gutierrez, Concejal\n\n<\/p>\n","protected":false},"excerpt":{"rendered":"<p>Alcalde don Claudio, por la presente adem\u00e1s de saludarlo, me permito molestarlo ante tan importante tema para todos los Vecinos de nuestra ciudad como es los Arboles de nuestra Plaza&#8230; <a class=\"read-more\" href=\"https:\/\/www.radiopresidenteibanez.cl\/web\/concejal-soler-solicita-que-se-ejecute-plan-de-arbilizacion-de-punta-arenas-y-el-apoyo-tecnico-de-conaf-para-el-cuidado-de-los-arboles-de-la-plaza-armas\/\">Leer m\u00e1s<\/a><\/p>\n","protected":false},"author":2,"featured_media":10202,"comment_status":"closed","ping_status":"closed","sticky":false,"template":"","format":"standard","meta":{"footnotes":""},"categories":[1],"tags":[],"class_list":["post-13505","post","type-post","status-publish","format-standard","has-post-thumbnail","hentry","category-cronica"],"_links":{"self":[{"href":"https:\/\/www.radiopresidenteibanez.cl\/web\/wp-json\/wp\/v2\/posts\/13505","targetHints":{"allow":["GET"]}}],"collection":[{"href":"https:\/\/www.radiopresidenteibanez.cl\/web\/wp-json\/wp\/v2\/posts"}],"about":[{"href":"https:\/\/www.radiopresidenteibanez.cl\/web\/wp-json\/wp\/v2\/types\/post"}],"author":[{"embeddable":true,"href":"https:\/\/www.radiopresidenteibanez.cl\/web\/wp-json\/wp\/v2\/users\/2"}],"replies":[{"embeddable":true,"href":"https:\/\/www.radiopresidenteibanez.cl\/web\/wp-json\/wp\/v2\/comments?post=13505"}],"version-history":[{"count":0,"href":"https:\/\/www.radiopresidenteibanez.cl\/web\/wp-json\/wp\/v2\/posts\/13505\/revisions"}],"wp:featuredmedia":[{"embeddable":true,"href":"https:\/\/www.radiopresidenteibanez.cl\/web\/wp-json\/wp\/v2\/media\/10202"}],"wp:attachment":[{"href":"https:\/\/www.radiopresidenteibanez.cl\/web\/wp-json\/wp\/v2\/media?parent=13505"}],"wp:term":[{"taxonomy":"category","embeddable":true,"href":"https:\/\/www.radiopresidenteibanez.cl\/web\/wp-json\/wp\/v2\/categories?post=13505"},{"taxonomy":"post_tag","embeddable":true,"href":"https:\/\/www.radiopresidenteibanez.cl\/web\/wp-json\/wp\/v2\/tags?post=13505"}],"curies":[{"name":"wp","href":"https:\/\/api.w.org\/{rel}","templated":true}]}}