{"id":13490,"date":"2020-07-21T12:48:08","date_gmt":"2020-07-21T12:48:08","guid":{"rendered":"https:\/\/www.radiopresidenteibanez.cl\/web\/?p=13490"},"modified":"2020-07-21T12:48:12","modified_gmt":"2020-07-21T12:48:12","slug":"concejal-aguilante-no-estan-dadas-las-condiciones-para-el-retorno-laboral-presencial-de-los-trabajadores-municipales","status":"publish","type":"post","link":"https:\/\/www.radiopresidenteibanez.cl\/web\/concejal-aguilante-no-estan-dadas-las-condiciones-para-el-retorno-laboral-presencial-de-los-trabajadores-municipales\/","title":{"rendered":"CONCEJAL AGUILANTE: \u201cNO ESTAN DADAS LAS CONDICIONES PARA EL RETORNO LABORAL PRESENCIAL DE LOS TRABAJADORES MUNICIPALES\u201d"},"content":{"rendered":"\n<p>El concejal manifest\u00f3 que\nluego de tomar contacto con los presidentes de dos de&nbsp; las Asociaciones que representan a los\nfuncionarios de la municipalidad de Punta Arenas estos manifestaron serias\ncr\u00edticas a las condiciones encontradas luego de reincorporarse a sus funciones\ndesde este dia lunes 20 de Julio de manera presencial.<\/p>\n\n\n\n<p>Producto de la decisi\u00f3n\nalcaldicia se pudo constatar una serie de falencias que ponen en riesgo la\nsalud e integridad de los trabajadores.<\/p>\n\n\n\n<p>La medida tomada en plena\nsituaci\u00f3n de emergencia sanitaria es claramente precipitada y atenta contra las\nmedidas sanitarias, no considerando la realidad de los funcionarios, ni menos\nde quienes tienen enfermedades&nbsp; cr\u00f3nicas\ny menos de una evidente limitaci\u00f3n de espacios que presenta el edificio consistorial.<\/p>\n\n\n\n<p>El concejal Aguilante resalt\u00f3\nque de acuerdo a las denuncias realizadas por algunos dirigentes hubo\nsituaciones de alta gravedad como funcionarios a los que no se les consider\u00f3 el\ncertificado m\u00e9dico y se le incluy\u00f3 tambi\u00e9n en los turnos de retorno. aun cuando\nla comunidad cient\u00edfica&nbsp; ha determinado\nlo complejo que resulta que enfermos cr\u00f3nicos e inmunodeprimidos puedan\nrecuperarse de posibles contagios.<\/p>\n\n\n\n<p>Hubo situaciones reiteradas de\nausencia de control de temperatura en los ingresos a los puestos de trabajo,\nprovoc\u00e1ndose un ingreso masivo de usuarios, Tambi\u00e9n se menciona otro caso grave.\nAl departamento de Inform\u00e1tica Municipal habr\u00eda llegado desde la capital\ntrabajadores del CAS que se encuentran en cuarentena y que- seg\u00fan el testimonio\nde los dirigentes- habr\u00edan llegado directamente a las instalaciones municipales,\ndesconociendo que hayan cumpliendo a cabalidad con el proceso de cuarentena\nrespectiva.<\/p>\n\n\n\n<p>En la mayor\u00eda &nbsp;de las unidades no se contaba con los\nelementos de protecci\u00f3n y de seguridad e higiene ni menos de un protocolo sanitario\nque pueda dar garant\u00edas de resguardo por la salud de los funcionarios.<\/p>\n\n\n\n<p>El concejal resalt\u00f3 que han\nsido los propios dirigentes quienes han solicitado que exista al menos dos\nsemanas de flexibilidad para la adecuaci\u00f3n de nuevos protocolos y tener la\ncerteza que se le entregar\u00e1 los elementos de seguridad y resguardo\nimprescindibles para su trabajo y seguridad.<\/p>\n\n\n\n<p>Aguilante tambi\u00e9n se\u00f1al\u00f3 que\n\u201ctanto los dirigentes como los concejales hab\u00edan constituido un espacio de\ntrabajo para potenciar en conjunto el mejoramiento en las condiciones de\nretorno el que ahora se ve truncado por esta decisi\u00f3n del alcalde\u201d<\/p>\n\n\n\n<p>Finalmente el concejal inform\u00f3\nque har\u00e1 las consultas pertinentes en el Servicio de Salud a objeto de asegurar\nque las medidas y condiciones de resguardo laboral de los trabajadores municipales\ncumplan con los est\u00e1ndares sanitarios adecuados y exigir se fiscalice y se\ncumpla con lo que la ley establece.<\/p>\n","protected":false},"excerpt":{"rendered":"<p>El concejal manifest\u00f3 que luego de tomar contacto con los presidentes de dos de&nbsp; las Asociaciones que representan a los funcionarios de la municipalidad de Punta Arenas estos manifestaron serias&#8230; <a class=\"read-more\" href=\"https:\/\/www.radiopresidenteibanez.cl\/web\/concejal-aguilante-no-estan-dadas-las-condiciones-para-el-retorno-laboral-presencial-de-los-trabajadores-municipales\/\">Leer m\u00e1s<\/a><\/p>\n","protected":false},"author":2,"featured_media":13492,"comment_status":"closed","ping_status":"closed","sticky":false,"template":"","format":"standard","meta":{"footnotes":""},"categories":[1],"tags":[],"class_list":["post-13490","post","type-post","status-publish","format-standard","has-post-thumbnail","hentry","category-cronica"],"_links":{"self":[{"href":"https:\/\/www.radiopresidenteibanez.cl\/web\/wp-json\/wp\/v2\/posts\/13490","targetHints":{"allow":["GET"]}}],"collection":[{"href":"https:\/\/www.radiopresidenteibanez.cl\/web\/wp-json\/wp\/v2\/posts"}],"about":[{"href":"https:\/\/www.radiopresidenteibanez.cl\/web\/wp-json\/wp\/v2\/types\/post"}],"author":[{"embeddable":true,"href":"https:\/\/www.radiopresidenteibanez.cl\/web\/wp-json\/wp\/v2\/users\/2"}],"replies":[{"embeddable":true,"href":"https:\/\/www.radiopresidenteibanez.cl\/web\/wp-json\/wp\/v2\/comments?post=13490"}],"version-history":[{"count":0,"href":"https:\/\/www.radiopresidenteibanez.cl\/web\/wp-json\/wp\/v2\/posts\/13490\/revisions"}],"wp:featuredmedia":[{"embeddable":true,"href":"https:\/\/www.radiopresidenteibanez.cl\/web\/wp-json\/wp\/v2\/media\/13492"}],"wp:attachment":[{"href":"https:\/\/www.radiopresidenteibanez.cl\/web\/wp-json\/wp\/v2\/media?parent=13490"}],"wp:term":[{"taxonomy":"category","embeddable":true,"href":"https:\/\/www.radiopresidenteibanez.cl\/web\/wp-json\/wp\/v2\/categories?post=13490"},{"taxonomy":"post_tag","embeddable":true,"href":"https:\/\/www.radiopresidenteibanez.cl\/web\/wp-json\/wp\/v2\/tags?post=13490"}],"curies":[{"name":"wp","href":"https:\/\/api.w.org\/{rel}","templated":true}]}}