{"id":13487,"date":"2020-07-21T12:45:39","date_gmt":"2020-07-21T12:45:39","guid":{"rendered":"https:\/\/www.radiopresidenteibanez.cl\/web\/?p=13487"},"modified":"2020-07-21T12:45:43","modified_gmt":"2020-07-21T12:45:43","slug":"mujer-fue-encontrada-fallecida-al-interior-de-un-paradero-fuera-del-hospital-clinico-de-magallanes","status":"publish","type":"post","link":"https:\/\/www.radiopresidenteibanez.cl\/web\/mujer-fue-encontrada-fallecida-al-interior-de-un-paradero-fuera-del-hospital-clinico-de-magallanes\/","title":{"rendered":"MUJER FUE ENCONTRADA FALLECIDA AL INTERIOR DE UN PARADERO FUERA DEL HOSPITAL CL\u00cdNICO DE MAGALLANES"},"content":{"rendered":"\n<p>En horas de esta ma\u00f1ana, 21 de julio, fue encontrada\nfallecida una mujer que se encontraba al interior de un paradero a las afueras\ndel Hospital Cl\u00ednico de Magallanes, hasta el lugar lleg\u00f3 personal del SAMU,\nquienes constataron el hecho.<\/p>\n\n\n\n<p>Hasta el lugar, tambi\u00e9n se dirigi\u00f3 personal del Servicio M\u00e9dico Legal, quienes levantaron el cuerpo de la malograda mujer de 51 a\u00f1os.<\/p>\n\n\n\n<p><\/p>\n\n\n\n<p>CHH \/ imagen: Brian Santana &#8211; Miralop<\/p>\n","protected":false},"excerpt":{"rendered":"<p>En horas de esta ma\u00f1ana, 21 de julio, fue encontrada fallecida una mujer que se encontraba al interior de un paradero a las afueras del Hospital Cl\u00ednico de Magallanes, hasta&#8230; <a class=\"read-more\" href=\"https:\/\/www.radiopresidenteibanez.cl\/web\/mujer-fue-encontrada-fallecida-al-interior-de-un-paradero-fuera-del-hospital-clinico-de-magallanes\/\">Leer m\u00e1s<\/a><\/p>\n","protected":false},"author":2,"featured_media":13488,"comment_status":"closed","ping_status":"closed","sticky":false,"template":"","format":"standard","meta":{"footnotes":""},"categories":[1],"tags":[],"class_list":["post-13487","post","type-post","status-publish","format-standard","has-post-thumbnail","hentry","category-cronica"],"_links":{"self":[{"href":"https:\/\/www.radiopresidenteibanez.cl\/web\/wp-json\/wp\/v2\/posts\/13487","targetHints":{"allow":["GET"]}}],"collection":[{"href":"https:\/\/www.radiopresidenteibanez.cl\/web\/wp-json\/wp\/v2\/posts"}],"about":[{"href":"https:\/\/www.radiopresidenteibanez.cl\/web\/wp-json\/wp\/v2\/types\/post"}],"author":[{"embeddable":true,"href":"https:\/\/www.radiopresidenteibanez.cl\/web\/wp-json\/wp\/v2\/users\/2"}],"replies":[{"embeddable":true,"href":"https:\/\/www.radiopresidenteibanez.cl\/web\/wp-json\/wp\/v2\/comments?post=13487"}],"version-history":[{"count":0,"href":"https:\/\/www.radiopresidenteibanez.cl\/web\/wp-json\/wp\/v2\/posts\/13487\/revisions"}],"wp:featuredmedia":[{"embeddable":true,"href":"https:\/\/www.radiopresidenteibanez.cl\/web\/wp-json\/wp\/v2\/media\/13488"}],"wp:attachment":[{"href":"https:\/\/www.radiopresidenteibanez.cl\/web\/wp-json\/wp\/v2\/media?parent=13487"}],"wp:term":[{"taxonomy":"category","embeddable":true,"href":"https:\/\/www.radiopresidenteibanez.cl\/web\/wp-json\/wp\/v2\/categories?post=13487"},{"taxonomy":"post_tag","embeddable":true,"href":"https:\/\/www.radiopresidenteibanez.cl\/web\/wp-json\/wp\/v2\/tags?post=13487"}],"curies":[{"name":"wp","href":"https:\/\/api.w.org\/{rel}","templated":true}]}}