{"id":13483,"date":"2020-07-20T20:17:08","date_gmt":"2020-07-20T20:17:08","guid":{"rendered":"https:\/\/www.radiopresidenteibanez.cl\/web\/?p=13483"},"modified":"2020-07-20T20:17:13","modified_gmt":"2020-07-20T20:17:13","slug":"dicrep-mantiene-remates-suspendidos-hasta-nuevo-aviso","status":"publish","type":"post","link":"https:\/\/www.radiopresidenteibanez.cl\/web\/dicrep-mantiene-remates-suspendidos-hasta-nuevo-aviso\/","title":{"rendered":"DICREP MANTIENE REMATES SUSPENDIDOS HASTA NUEVO AVISO"},"content":{"rendered":"\n<p>Durante esta semana, la Seremi del\nTrabajo, Victoria Cort\u00e9s Schiattino, y el administrador regional de la\nDirecci\u00f3n de Cr\u00e9dito Prendario (Dicrep) Magallanes, Claudio Reyes Guti\u00e9rrez,\ninformaron que la sucursal de la llamada \u201cT\u00eda Rica\u201d en Punta Arenas contin\u00faa\natendiendo con normalidad, no obstante, debido a la crisis sanitaria, los\nremates de todo tipo se mantienen suspendidos hasta nuevo aviso.<\/p>\n\n\n\n<p>Al mismo tiempo, se coment\u00f3 que, seg\u00fan\nlo informado por el servicio a nivel nacional, hasta este 31 de julio, el\npr\u00e9stamo por el aval\u00fao del gramo de oro se ha mantenido en el hist\u00f3rico valor\nde $12.500 con la finalidad de dar un alivio econ\u00f3mico a los usuarios que as\u00ed\nlo requieran.<\/p>\n\n\n\n<p>En palabras de Cort\u00e9s, \u201cuna vez que se\nlevant\u00f3 la cuarentena en la regi\u00f3n de Magallanes, la \u2018T\u00eda Rica\u2019 abri\u00f3\ninmediatamente sus puertas, precisamente, porque sabemos la importancia que\ntiene el cr\u00e9dito social para todos los usuarios del servicio. Por lo mismo, hoy\nm\u00e1s que nunca, estamos preocupados de ser una ayuda efectiva para ellos y, por\nlo mismo, el gramo de oro se ha mantenido en este precio hist\u00f3rico de $12.500,\nal menos, hasta el pr\u00f3ximo 31 de julio, de forma tal que estamos operando como\nde costumbre y, por tanto, el llamado es a quienes necesiten hacer uso de este\ncr\u00e9dito social, se acerquen hasta las dependencias de la T\u00eda Rica\u201d.<\/p>\n\n\n\n<p>Al respecto, Reyes record\u00f3 que \u201cla\noficina ubicada en Lautaro Navarro N\u00b01024 est\u00e1 atendiendo con normalidad, de\nlunes a viernes de 9:00 a 14:00 horas, con todas las medidas de seguridad que\nexige la autoridad de salud, como es alcohol gel, toma de temperatura en el\nacceso y controlando que no haya m\u00e1s de 5 a 10 personas al interior de la\nsucursal y nuestros funcionarios est\u00e1n con turno flexible y con todos los\nimplementos de protecci\u00f3n para la atenci\u00f3n segura de nuestros usuarios\u201d.<\/p>\n\n\n\n<p>La autoridad record\u00f3 que debido a la\nsuspensi\u00f3n de remates \u2013medida que opera desde el mes de marzo de este a\u00f1o- las\nprendas de aquellas personas que mantienen art\u00edculos pendientes en la sucursal,\nseguir\u00e1n disponibles para ser retiradas hasta que la realizaci\u00f3n de remates\nvuelva a la normalidad.<\/p>\n\n\n\n<p>\u201cRespecto al aval\u00fao del gramo de oro,\nsi bien inicialmente, este valor se mantendr\u00eda hasta el 30 de junio pasado, en\nun importante esfuerzo del gobierno del Presidente Sebasti\u00e1n Pi\u00f1era, se ha\nmantenido tambi\u00e9n por este mes en el mismo monto, por lo que se comunicar\u00e1\noportunamente cualquier nueva informaci\u00f3n al respecto\u201d, concluy\u00f3 la Seremi.<\/p>\n","protected":false},"excerpt":{"rendered":"<p>Durante esta semana, la Seremi del Trabajo, Victoria Cort\u00e9s Schiattino, y el administrador regional de la Direcci\u00f3n de Cr\u00e9dito Prendario (Dicrep) Magallanes, Claudio Reyes Guti\u00e9rrez, informaron que la sucursal de&#8230; <a class=\"read-more\" href=\"https:\/\/www.radiopresidenteibanez.cl\/web\/dicrep-mantiene-remates-suspendidos-hasta-nuevo-aviso\/\">Leer m\u00e1s<\/a><\/p>\n","protected":false},"author":2,"featured_media":13484,"comment_status":"closed","ping_status":"closed","sticky":false,"template":"","format":"standard","meta":{"footnotes":""},"categories":[1],"tags":[],"class_list":["post-13483","post","type-post","status-publish","format-standard","has-post-thumbnail","hentry","category-cronica"],"_links":{"self":[{"href":"https:\/\/www.radiopresidenteibanez.cl\/web\/wp-json\/wp\/v2\/posts\/13483","targetHints":{"allow":["GET"]}}],"collection":[{"href":"https:\/\/www.radiopresidenteibanez.cl\/web\/wp-json\/wp\/v2\/posts"}],"about":[{"href":"https:\/\/www.radiopresidenteibanez.cl\/web\/wp-json\/wp\/v2\/types\/post"}],"author":[{"embeddable":true,"href":"https:\/\/www.radiopresidenteibanez.cl\/web\/wp-json\/wp\/v2\/users\/2"}],"replies":[{"embeddable":true,"href":"https:\/\/www.radiopresidenteibanez.cl\/web\/wp-json\/wp\/v2\/comments?post=13483"}],"version-history":[{"count":0,"href":"https:\/\/www.radiopresidenteibanez.cl\/web\/wp-json\/wp\/v2\/posts\/13483\/revisions"}],"wp:featuredmedia":[{"embeddable":true,"href":"https:\/\/www.radiopresidenteibanez.cl\/web\/wp-json\/wp\/v2\/media\/13484"}],"wp:attachment":[{"href":"https:\/\/www.radiopresidenteibanez.cl\/web\/wp-json\/wp\/v2\/media?parent=13483"}],"wp:term":[{"taxonomy":"category","embeddable":true,"href":"https:\/\/www.radiopresidenteibanez.cl\/web\/wp-json\/wp\/v2\/categories?post=13483"},{"taxonomy":"post_tag","embeddable":true,"href":"https:\/\/www.radiopresidenteibanez.cl\/web\/wp-json\/wp\/v2\/tags?post=13483"}],"curies":[{"name":"wp","href":"https:\/\/api.w.org\/{rel}","templated":true}]}}