{"id":13480,"date":"2020-07-20T20:15:06","date_gmt":"2020-07-20T20:15:06","guid":{"rendered":"https:\/\/www.radiopresidenteibanez.cl\/web\/?p=13480"},"modified":"2020-07-20T20:15:10","modified_gmt":"2020-07-20T20:15:10","slug":"liceo-politecnico-y-organizaciones-de-punta-arenas-coronaron-a-los-reyes-guachacas-2020","status":"publish","type":"post","link":"https:\/\/www.radiopresidenteibanez.cl\/web\/liceo-politecnico-y-organizaciones-de-punta-arenas-coronaron-a-los-reyes-guachacas-2020\/","title":{"rendered":"LICEO POLIT\u00c9CNICO Y ORGANIZACIONES DE PUNTA ARENAS CORONARON A LOS REYES GUACHACAS 2020"},"content":{"rendered":"\n<p>Durante\nla jornada de este lunes, 20 de julio, en dependencias del Liceo Polit\u00e9cnico\nCardenal Ra\u00fal Silva Henr\u00edquez, coron\u00f3 a los reyes Guachaca 2020, personajes que\ndestacaron en distintas \u00e1reas con la comunidad magall\u00e1nica.<\/p>\n\n\n\n<p>Los\ncoronados este a\u00f1o, fueron;<\/p>\n\n\n\n<p>Lorenzo Marusic Kusanovic Gerente de ITV Patagonia (en su representaci\u00f3n\nfue don William Levet)<\/p>\n\n\n\n<p>Nelson Barrientos de Radio Soberan\u00eda<\/p>\n\n\n\n<p>Enrique N\u00fa\u00f1ez P\u00e9rez docente del Liceo Polit\u00e9cnico y<\/p>\n\n\n\n<p>Alberto Solo de Zaldivar, gerente de Pinguino Multimedia<\/p>\n\n\n\n<p>As\u00ed tambi\u00e9n, concurri\u00f3 a la actividad como invitado, Ricardo Rivero,\nGerente General de Corcoran Punta Arenas.<\/p>\n\n\n\n<p>El inter\u00e9s de galardonar a estos personajes, naci\u00f3 junto a instituciones\nque en el marco de esta pandemia ayudan a la comunidad a tener mejores momentos,\nsobre todo donde la Hermandad de la Costa tiene la presencia a trav\u00e9s de sus\nNaos. As\u00ed es, como la Nao Victoria de Punta Arenas propicio entre numerosos\nnombres a estos cincos representantes de la comunidad organizada, por lideres\nde opini\u00f3n, gestores, entre otros.<\/p>\n","protected":false},"excerpt":{"rendered":"<p>Durante la jornada de este lunes, 20 de julio, en dependencias del Liceo Polit\u00e9cnico Cardenal Ra\u00fal Silva Henr\u00edquez, coron\u00f3 a los reyes Guachaca 2020, personajes que destacaron en distintas \u00e1reas&#8230; <a class=\"read-more\" href=\"https:\/\/www.radiopresidenteibanez.cl\/web\/liceo-politecnico-y-organizaciones-de-punta-arenas-coronaron-a-los-reyes-guachacas-2020\/\">Leer m\u00e1s<\/a><\/p>\n","protected":false},"author":2,"featured_media":13481,"comment_status":"closed","ping_status":"closed","sticky":false,"template":"","format":"standard","meta":{"footnotes":""},"categories":[1],"tags":[],"class_list":["post-13480","post","type-post","status-publish","format-standard","has-post-thumbnail","hentry","category-cronica"],"_links":{"self":[{"href":"https:\/\/www.radiopresidenteibanez.cl\/web\/wp-json\/wp\/v2\/posts\/13480","targetHints":{"allow":["GET"]}}],"collection":[{"href":"https:\/\/www.radiopresidenteibanez.cl\/web\/wp-json\/wp\/v2\/posts"}],"about":[{"href":"https:\/\/www.radiopresidenteibanez.cl\/web\/wp-json\/wp\/v2\/types\/post"}],"author":[{"embeddable":true,"href":"https:\/\/www.radiopresidenteibanez.cl\/web\/wp-json\/wp\/v2\/users\/2"}],"replies":[{"embeddable":true,"href":"https:\/\/www.radiopresidenteibanez.cl\/web\/wp-json\/wp\/v2\/comments?post=13480"}],"version-history":[{"count":0,"href":"https:\/\/www.radiopresidenteibanez.cl\/web\/wp-json\/wp\/v2\/posts\/13480\/revisions"}],"wp:featuredmedia":[{"embeddable":true,"href":"https:\/\/www.radiopresidenteibanez.cl\/web\/wp-json\/wp\/v2\/media\/13481"}],"wp:attachment":[{"href":"https:\/\/www.radiopresidenteibanez.cl\/web\/wp-json\/wp\/v2\/media?parent=13480"}],"wp:term":[{"taxonomy":"category","embeddable":true,"href":"https:\/\/www.radiopresidenteibanez.cl\/web\/wp-json\/wp\/v2\/categories?post=13480"},{"taxonomy":"post_tag","embeddable":true,"href":"https:\/\/www.radiopresidenteibanez.cl\/web\/wp-json\/wp\/v2\/tags?post=13480"}],"curies":[{"name":"wp","href":"https:\/\/api.w.org\/{rel}","templated":true}]}}