{"id":13476,"date":"2020-07-20T16:17:04","date_gmt":"2020-07-20T16:17:04","guid":{"rendered":"https:\/\/www.radiopresidenteibanez.cl\/web\/?p=13476"},"modified":"2020-07-20T16:17:08","modified_gmt":"2020-07-20T16:17:08","slug":"nuevas-calles-de-porvenir-seran-pavimentadas-a-traves-de-la-modalidad-de-pavimentacion-participativa","status":"publish","type":"post","link":"https:\/\/www.radiopresidenteibanez.cl\/web\/nuevas-calles-de-porvenir-seran-pavimentadas-a-traves-de-la-modalidad-de-pavimentacion-participativa\/","title":{"rendered":"NUEVAS CALLES DE PORVENIR SER\u00c1N PAVIMENTADAS A TRAV\u00c9S DE LA MODALIDAD DE PAVIMENTACI\u00d3N PARTICIPATIVA"},"content":{"rendered":"\n<p>En la sesi\u00f3n numero 20 del Concejo\nMunicipal de Porvenir, realizada la semana pasada, estuvieron invitados a\nparticipar de \u00e9sta el Seremi de Vivienda y Urbanismo Jos\u00e9 Miguel Horcos y el director\nregional del Serviu Dubalio P\u00e9rez, entre los temas abordados en la reuni\u00f3n fue la\n\u201cPavimentaci\u00f3n Participativa 2020.<\/p>\n\n\n\n<p>Durante la reuni\u00f3n se present\u00f3 el\nPrograma de Pavimentaci\u00f3n Participativa del MINVU que busca una activa\nparticipaci\u00f3n en la transformaci\u00f3n de los barrios y su entorno, pues la\norganizaci\u00f3n y gesti\u00f3n de los vecinos, junto al apoyo de la municipalidad,\npermite llevar a cabo estos proyectos.<\/p>\n\n\n\n<p>Este programa permite postular a\npavimentaci\u00f3n de calles, pasajes y veredas, obras que permiten obtener\nbeneficios para la comunidad como completar la urbanizaci\u00f3n del barrio,\ndisminuir significativamente la poluci\u00f3n ambiental, mejorar la accesibilidad y\npermitir la evacuaci\u00f3n de aguas lluvias, permitiendo as\u00ed que los vecinos y\nvecinas puedan desplazarse adecuadamente y vivir en un mejor barrio.<\/p>\n\n\n\n<p>Al respecto, la alcaldesa Marisol\nAndrade C\u00e1rdenas, indic\u00f3 \u201cque fue muy importante conversar con ellos, porque\ncomo ustedes saben hemos trabajado junto al Serviu y al Minvu en la\nprogramaci\u00f3n de los pavimentos participativos y ah\u00ed nosotros como municipalidad\nhemos estado entregando recursos y tambi\u00e9n el trabajo desarrollado por la\nSecplan de municipio\u201d.<\/p>\n\n\n\n<p>A\u00f1adi\u00f3 la jefa comunal, que \u201cen este\n\u00faltimo llamado que es el numero 29 hay 4 v\u00edas de Porvenir seleccionadas con\nasignaci\u00f3n presupuestaria y se estar\u00edan pavimentado las calles Dami\u00e1n Riob\u00f3,\nJusto de la Rivera, Manuel Bulnes e Ignacio Carrera Pinto, esto es muy\nimportante porque es muy esperado por la comunidad\u201d. <\/p>\n\n\n\n<p>Agreg\u00f3 la primera autoridad comunal, que\n\u201cla Municipalidad de Porvenir aprob\u00f3 los recursos para hacer el aporte que se\nrequiere, porqu\u00e9 nosotros queremos que los vecinos tengan una mejor calidad de\nvida, el hecho que tengan pavimentadas sus calles implica que no existir\u00e1\ntierra en el verano ni barro en el invierno y por otro lado le permite subir la\nplusval\u00eda de sus viviendas\u201d.<\/p>\n\n\n\n<p>Los sectores que ser\u00e1n pavimentados\nequivalen a 1.287 metros lineales que tendr\u00e1 un costo de mil 177 millones\n131mil pesos.<\/p>\n\n\n\n<p>Las calles que ser\u00e1n pavimentadas son,\nJusto de la Rivera, entre Manuel Se\u00f1oret y Francisco Sampaio, y entre las\ncalles Mario Rocca-Hernando de Magallanes, Dami\u00e1n Riob\u00f3, entre las calles\nFrancisco Sampaio-Esmeralda, Manuel Bulnes, entre las calles Bernardo\nPhillipi-Santos Mardones, Ignacio Carrera Pinto entre las calles Mario\nRocca-Hernando de Magallanes.<\/p>\n","protected":false},"excerpt":{"rendered":"<p>En la sesi\u00f3n numero 20 del Concejo Municipal de Porvenir, realizada la semana pasada, estuvieron invitados a participar de \u00e9sta el Seremi de Vivienda y Urbanismo Jos\u00e9 Miguel Horcos y&#8230; <a class=\"read-more\" href=\"https:\/\/www.radiopresidenteibanez.cl\/web\/nuevas-calles-de-porvenir-seran-pavimentadas-a-traves-de-la-modalidad-de-pavimentacion-participativa\/\">Leer m\u00e1s<\/a><\/p>\n","protected":false},"author":2,"featured_media":13477,"comment_status":"closed","ping_status":"closed","sticky":false,"template":"","format":"standard","meta":{"footnotes":""},"categories":[1],"tags":[],"class_list":["post-13476","post","type-post","status-publish","format-standard","has-post-thumbnail","hentry","category-cronica"],"_links":{"self":[{"href":"https:\/\/www.radiopresidenteibanez.cl\/web\/wp-json\/wp\/v2\/posts\/13476","targetHints":{"allow":["GET"]}}],"collection":[{"href":"https:\/\/www.radiopresidenteibanez.cl\/web\/wp-json\/wp\/v2\/posts"}],"about":[{"href":"https:\/\/www.radiopresidenteibanez.cl\/web\/wp-json\/wp\/v2\/types\/post"}],"author":[{"embeddable":true,"href":"https:\/\/www.radiopresidenteibanez.cl\/web\/wp-json\/wp\/v2\/users\/2"}],"replies":[{"embeddable":true,"href":"https:\/\/www.radiopresidenteibanez.cl\/web\/wp-json\/wp\/v2\/comments?post=13476"}],"version-history":[{"count":0,"href":"https:\/\/www.radiopresidenteibanez.cl\/web\/wp-json\/wp\/v2\/posts\/13476\/revisions"}],"wp:featuredmedia":[{"embeddable":true,"href":"https:\/\/www.radiopresidenteibanez.cl\/web\/wp-json\/wp\/v2\/media\/13477"}],"wp:attachment":[{"href":"https:\/\/www.radiopresidenteibanez.cl\/web\/wp-json\/wp\/v2\/media?parent=13476"}],"wp:term":[{"taxonomy":"category","embeddable":true,"href":"https:\/\/www.radiopresidenteibanez.cl\/web\/wp-json\/wp\/v2\/categories?post=13476"},{"taxonomy":"post_tag","embeddable":true,"href":"https:\/\/www.radiopresidenteibanez.cl\/web\/wp-json\/wp\/v2\/tags?post=13476"}],"curies":[{"name":"wp","href":"https:\/\/api.w.org\/{rel}","templated":true}]}}