{"id":13473,"date":"2020-07-20T16:15:08","date_gmt":"2020-07-20T16:15:08","guid":{"rendered":"https:\/\/www.radiopresidenteibanez.cl\/web\/?p=13473"},"modified":"2020-07-20T16:15:12","modified_gmt":"2020-07-20T16:15:12","slug":"fndr-ejecutado-por-la-gobernacion-de-ultima-esperanza-permitio-entregar-catres-clinicos-a-agrupacion-que-ayuda-a-pacientes-con-dependencia-severa","status":"publish","type":"post","link":"https:\/\/www.radiopresidenteibanez.cl\/web\/fndr-ejecutado-por-la-gobernacion-de-ultima-esperanza-permitio-entregar-catres-clinicos-a-agrupacion-que-ayuda-a-pacientes-con-dependencia-severa\/","title":{"rendered":"FNDR EJECUTADO POR LA GOBERNACI\u00d3N DE \u00daLTIMA ESPERANZA PERMITI\u00d3 ENTREGAR CATRES CL\u00cdNICOS A AGRUPACI\u00d3N QUE AYUDA A PACIENTES CON DEPENDENCIA SEVERA"},"content":{"rendered":"\n<p>Con la\nfinalidad de poder entregar una ayuda a aquellas personas que viven en\ncondici\u00f3n de dependencia severa, y a la vez poder aportar a quienes cuidan de\nellos, se llev\u00f3 a cabo un proyecto financiado a trav\u00e9s de un Fondo Nacional de\nDesarrollo Regional (FNDR), cuyos fondos fueron aprobados por el Consejo\nRegional de Magallanes. Se trata de tres catres cl\u00ednicos que fueron entregados\na \u201cLuz y Esperanza\u201d, agrupaci\u00f3n que durante mucho tiempo se ha dedicado a\nayudar a estos pacientes. <\/p>\n\n\n\n<p>Ante el hecho de haber\nconcretado este proyecto, el gobernador de la provincia, Ra\u00fal Suazo, se mostr\u00f3\nmuy conforme \u201ccomo Gobernaci\u00f3n de \u00daltima Esperanza estamos muy contentos\npor este proyecto del FNDR que pudimos trabajar y que logr\u00f3 financiamiento para\nadquirir tres catres cl\u00ednicos que fueron entregados a la agrupaci\u00f3n \u2018Luz y\nEsperanza\u2019\u201d, se\u00f1al\u00f3.<\/p>\n\n\n\n<p>Por su parte, la\npresidenta de \u201cLuz y Esperanza\u201d, Sonia San Mart\u00edn, se refiri\u00f3 a la importancia\nque tienen estos insumos en la vida de los pacientes, al respecto coment\u00f3 que \u201ces una\ngran ayuda para las personas que tienen dependencia severa, y tambi\u00e9n una ayuda\npara el cuidador, ya que esto favorece mucho a los que cuidamos a estos pacientes,\nadem\u00e1s mejoramos su calidad de vida que es lo m\u00e1s importante de todo\u201d. <\/p>\n\n\n\n<p>Respecto a la\ndistribuci\u00f3n de los catres, \u00e9stos son entregados en comodato para la\npersona que se encuentra en dependencia severa que lo solicita, generalmente,\nel paciente sale desde el Hospital o desde el Cesfam. Asimismo, Sonia San Mart\u00edn agrega\nque \u201cac\u00e1 hay una red que est\u00e1 funcionando y con la que estamos en contacto d\u00eda a\nd\u00eda y con ellos hacemos la gesti\u00f3n de la distribuci\u00f3n de las camas\u201d.<\/p>\n\n\n\n<p>Finalmente, el\ngobernador Suazo manifest\u00f3 que \u201cestos tres catres cl\u00ednicos van a ayudar mucho a\nla calidad de vida de las personas que los van a utilizar y tambi\u00e9n van a\npermitir dar una mejor calidad de vida a las familias mismas, ya que este gasto\nno lo tienen que generar y permite un ahorro importante en lo que se refiere al\ngasto cl\u00ednico de los pacientes. Por lo mismo, esperamos poder seguir en la\nmisma l\u00ednea de poder optar a opciones de financiamiento para apoyar a las\npersonas con dependencia severa y sus familias\u201d.<\/p>\n","protected":false},"excerpt":{"rendered":"<p>Con la finalidad de poder entregar una ayuda a aquellas personas que viven en condici\u00f3n de dependencia severa, y a la vez poder aportar a quienes cuidan de ellos, se&#8230; <a class=\"read-more\" href=\"https:\/\/www.radiopresidenteibanez.cl\/web\/fndr-ejecutado-por-la-gobernacion-de-ultima-esperanza-permitio-entregar-catres-clinicos-a-agrupacion-que-ayuda-a-pacientes-con-dependencia-severa\/\">Leer m\u00e1s<\/a><\/p>\n","protected":false},"author":2,"featured_media":13474,"comment_status":"closed","ping_status":"closed","sticky":false,"template":"","format":"standard","meta":{"footnotes":""},"categories":[1],"tags":[],"class_list":["post-13473","post","type-post","status-publish","format-standard","has-post-thumbnail","hentry","category-cronica"],"_links":{"self":[{"href":"https:\/\/www.radiopresidenteibanez.cl\/web\/wp-json\/wp\/v2\/posts\/13473","targetHints":{"allow":["GET"]}}],"collection":[{"href":"https:\/\/www.radiopresidenteibanez.cl\/web\/wp-json\/wp\/v2\/posts"}],"about":[{"href":"https:\/\/www.radiopresidenteibanez.cl\/web\/wp-json\/wp\/v2\/types\/post"}],"author":[{"embeddable":true,"href":"https:\/\/www.radiopresidenteibanez.cl\/web\/wp-json\/wp\/v2\/users\/2"}],"replies":[{"embeddable":true,"href":"https:\/\/www.radiopresidenteibanez.cl\/web\/wp-json\/wp\/v2\/comments?post=13473"}],"version-history":[{"count":0,"href":"https:\/\/www.radiopresidenteibanez.cl\/web\/wp-json\/wp\/v2\/posts\/13473\/revisions"}],"wp:featuredmedia":[{"embeddable":true,"href":"https:\/\/www.radiopresidenteibanez.cl\/web\/wp-json\/wp\/v2\/media\/13474"}],"wp:attachment":[{"href":"https:\/\/www.radiopresidenteibanez.cl\/web\/wp-json\/wp\/v2\/media?parent=13473"}],"wp:term":[{"taxonomy":"category","embeddable":true,"href":"https:\/\/www.radiopresidenteibanez.cl\/web\/wp-json\/wp\/v2\/categories?post=13473"},{"taxonomy":"post_tag","embeddable":true,"href":"https:\/\/www.radiopresidenteibanez.cl\/web\/wp-json\/wp\/v2\/tags?post=13473"}],"curies":[{"name":"wp","href":"https:\/\/api.w.org\/{rel}","templated":true}]}}