{"id":13471,"date":"2020-07-20T15:05:38","date_gmt":"2020-07-20T15:05:38","guid":{"rendered":"https:\/\/www.radiopresidenteibanez.cl\/web\/?p=13471"},"modified":"2020-07-20T15:05:42","modified_gmt":"2020-07-20T15:05:42","slug":"subdere-inicia-entrega-de-617-millones-a-siete-comunas-de-la-region-de-magallanes-como-reconocimiento-por-su-gestion","status":"publish","type":"post","link":"https:\/\/www.radiopresidenteibanez.cl\/web\/subdere-inicia-entrega-de-617-millones-a-siete-comunas-de-la-region-de-magallanes-como-reconocimiento-por-su-gestion\/","title":{"rendered":"SUBDERE INICIA ENTREGA DE $617 MILLONES A SIETE COMUNAS DE LA REGI\u00d3N DE MAGALLANES COMO RECONOCIMIENTO POR SU GESTI\u00d3N"},"content":{"rendered":"\n<p>Como cada a\u00f1o, la Subsecretar\u00eda de Desarrollo Regional y Administrativo (Subdere), otorg\u00f3 un reconocimiento a las buenas pr\u00e1cticas municipales a trav\u00e9s del Fondo de Incentivo al Mejoramiento de la Gesti\u00f3n Municipal (Figem). En esta ocasi\u00f3n, son $15.709 millones los que se distribuir\u00e1n a partir de este viernes en 174 comunas de todo el pa\u00eds.<\/p>\n\n\n\n<p>Para focalizar correctamente el beneficio, la Subdere emple\u00f3 una tipolog\u00eda comunal que permite identificar a los municipios postulantes seg\u00fan sus caracter\u00edsticas territoriales, socioecon\u00f3micas y demogr\u00e1ficas. En ese contexto, se crearon cinco grupos: grandes comunas metropolitanas con alto y\/o medio desarrollo (1), comunas mayores con desarrollo medio (2), comunas urbanas medianas con desarrollo medio (3), comunas semi urbanas y rurales con desarrollo medio (4), y comunas semi urbanas y rurales con bajo desarrollo (5).<\/p>\n\n\n\n<p>La distribuci\u00f3n de estos recursos, que se extender\u00e1 por dos semanas, \u201cse realiz\u00f3 priorizando a aquellas comunas que con un menor nivel de desarrollo y menos recursos, han sabido optimizar y realizar de manera eficiente su labor. De esta manera nos aseguramos de que este apoyo monetario, que premia la buena gesti\u00f3n, llegue donde hoy m\u00e1s se necesita\u201d, explic\u00f3 el subsecretario de Desarrollo Regional, Juan Masferrer.<\/p>\n\n\n\n<p>En la misma l\u00ednea, el titular de la Subdere relev\u00f3 que, \u201cdado el contexto actual, el Gobierno y los alcaldes debemos trabajar de manera conjunta. Sabemos que la primera puerta que toca un vecino para pedir ayuda en situaciones de emergencia como esta es la de su municipio, por eso resaltamos que gracias a los criterios utilizados, el 75% de los recursos del Figem ser\u00e1n destinados a apoyar la gesti\u00f3n de las comunas con menor desarrollo del pa\u00eds\u201d.<\/p>\n\n\n\n<p><strong>Municipalidades reconocidas<\/strong><\/p>\n\n\n\n<p>En el caso de la Regi\u00f3n de Magallanes,&nbsp;<strong>son siete los municipios acreedores del reconocimiento<\/strong>, entre los que se distribuir\u00e1 un monto total de&nbsp;<strong>$617 millones<\/strong>.<\/p>\n\n\n\n<p>Al respecto, el jefe de la unidad regional de Subdere, Jacques Roux, destac\u00f3 que \u201cdesde la URS Magallanes estamos muy contentos de poder anunciar que el d\u00eda de hoy vamos a entregar m\u00e1s de $80 millones a seis de los 10 municipios de la regi\u00f3n a trav\u00e9s del Figem. En ese sentido, sabemos que estos recursos van a permitir que estos municipios puedan ayudar a los vecinos y vecinas en estos tiempos tan dif\u00edciles de pandemia\u201d.<\/p>\n\n\n\n<p>Los indicadores evaluados para determinar el dinero correspondiente a cada gobierno local, tienen que ver con los niveles de deuda previsional, reportabilidad de informaci\u00f3n presupuestaria y contable a la Contralor\u00eda General de la Rep\u00fablica, gesti\u00f3n de ingresos, transparencia, y responsabilidad en la entrega de la informaci\u00f3n.<\/p>\n\n\n\n<p>En cuanto a las \u00e1reas en las que pueden ser utilizados los recursos de este fondo, las bases del Figem establecen que deben estar enfocados en gastos de capital o iniciativas de inversi\u00f3n.<\/p>\n\n\n\n<p>Cabe destacar que el Figem fue creado en el a\u00f1o 2012 durante la primera administraci\u00f3n del Presidente Sebasti\u00e1n Pi\u00f1era, con el objetivo de incentivar el mejoramiento de la gesti\u00f3n municipal a trav\u00e9s de esta herramienta financiera.<\/p>\n\n\n\n<p><strong>Regi\u00f3n de Magallanes<\/strong><\/p>\n\n\n\n<figure class=\"wp-block-table\"><table class=\"\"><tbody><tr><td>R\u00edo Verde<\/td><td>$80.804.441<\/td><\/tr><tr><td>Cabo de Hornos<\/td><td>$81.280.053<\/td><\/tr><tr><td>Primavera<\/td><td>$83.237.336<\/td><\/tr><tr><td>Timaukel<\/td><td>$85.697.103<\/td><\/tr><tr><td>Laguna Blanca<\/td><td>$85.724.579<\/td><\/tr><tr><td>Torres del Paine<\/td><td>$91.180.639<\/td><\/tr><tr><td>Natales<\/td><td>$109.969.663<\/td><\/tr><\/tbody><\/table><\/figure>\n","protected":false},"excerpt":{"rendered":"<p>Como cada a\u00f1o, la Subsecretar\u00eda de Desarrollo Regional y Administrativo (Subdere), otorg\u00f3 un reconocimiento a las buenas pr\u00e1cticas municipales a trav\u00e9s del Fondo de Incentivo al Mejoramiento de la Gesti\u00f3n&#8230; <a class=\"read-more\" href=\"https:\/\/www.radiopresidenteibanez.cl\/web\/subdere-inicia-entrega-de-617-millones-a-siete-comunas-de-la-region-de-magallanes-como-reconocimiento-por-su-gestion\/\">Leer m\u00e1s<\/a><\/p>\n","protected":false},"author":2,"featured_media":740,"comment_status":"closed","ping_status":"closed","sticky":false,"template":"","format":"standard","meta":{"footnotes":""},"categories":[1],"tags":[],"class_list":["post-13471","post","type-post","status-publish","format-standard","has-post-thumbnail","hentry","category-cronica"],"_links":{"self":[{"href":"https:\/\/www.radiopresidenteibanez.cl\/web\/wp-json\/wp\/v2\/posts\/13471","targetHints":{"allow":["GET"]}}],"collection":[{"href":"https:\/\/www.radiopresidenteibanez.cl\/web\/wp-json\/wp\/v2\/posts"}],"about":[{"href":"https:\/\/www.radiopresidenteibanez.cl\/web\/wp-json\/wp\/v2\/types\/post"}],"author":[{"embeddable":true,"href":"https:\/\/www.radiopresidenteibanez.cl\/web\/wp-json\/wp\/v2\/users\/2"}],"replies":[{"embeddable":true,"href":"https:\/\/www.radiopresidenteibanez.cl\/web\/wp-json\/wp\/v2\/comments?post=13471"}],"version-history":[{"count":0,"href":"https:\/\/www.radiopresidenteibanez.cl\/web\/wp-json\/wp\/v2\/posts\/13471\/revisions"}],"wp:featuredmedia":[{"embeddable":true,"href":"https:\/\/www.radiopresidenteibanez.cl\/web\/wp-json\/wp\/v2\/media\/740"}],"wp:attachment":[{"href":"https:\/\/www.radiopresidenteibanez.cl\/web\/wp-json\/wp\/v2\/media?parent=13471"}],"wp:term":[{"taxonomy":"category","embeddable":true,"href":"https:\/\/www.radiopresidenteibanez.cl\/web\/wp-json\/wp\/v2\/categories?post=13471"},{"taxonomy":"post_tag","embeddable":true,"href":"https:\/\/www.radiopresidenteibanez.cl\/web\/wp-json\/wp\/v2\/tags?post=13471"}],"curies":[{"name":"wp","href":"https:\/\/api.w.org\/{rel}","templated":true}]}}