{"id":13469,"date":"2020-07-20T15:03:52","date_gmt":"2020-07-20T15:03:52","guid":{"rendered":"https:\/\/www.radiopresidenteibanez.cl\/web\/?p=13469"},"modified":"2020-07-20T15:03:55","modified_gmt":"2020-07-20T15:03:55","slug":"presidente-de-la-achm-sobre-el-desconfinamiento-esperamos-que-este-llamado-a-los-gobiernos-locales-no-sea-solamente-para-el-anuncio-sino-que-mas-bien-sea-un-trabajo-permanente","status":"publish","type":"post","link":"https:\/\/www.radiopresidenteibanez.cl\/web\/presidente-de-la-achm-sobre-el-desconfinamiento-esperamos-que-este-llamado-a-los-gobiernos-locales-no-sea-solamente-para-el-anuncio-sino-que-mas-bien-sea-un-trabajo-permanente\/","title":{"rendered":"PRESIDENTE DE LA ACHM SOBRE EL DESCONFINAMIENTO:  \u201cESPERAMOS QUE ESTE LLAMADO A LOS GOBIERNOS LOCALES, NO SEA SOLAMENTE PARA EL ANUNCIO, SINO QUE M\u00c1S BIEN SEA UN TRABAJO PERMANENTE\u201d"},"content":{"rendered":"\n<p>El presidente de la\nasociaci\u00f3n Chilena de Municipalidades (AChM), alcalde de Natales, Fernando\nParedes agradeci\u00f3 al gobierno que las fases de desconfinamiento hayan sido\ninformadas se\u00f1alando que, \u201cvaloramos profundamente que el Ministro de Salud,\nhaya hecho un llamado y se haya reunido con la mayor\u00eda de los alcaldes y\nalcaldesas del pa\u00eds para hacerlos part\u00edcipes de este plan paso a paso que se\nest\u00e1 anunciando\u201d.<\/p>\n\n\n\n<p>Asimismo, recalc\u00f3 que\n\u201ccomo alcaldes siempre hemos planteado que los gobiernos comunales, tenemos que\nser part\u00edcipes preponderantes en un aspecto tan importante como el\ndesconfinamiento\u201d. Adem\u00e1s, el jefe comunal de Natales, indic\u00f3 que \u201clos\nmunicipios hemos planteado, que la base de este plan, testeo, trazabilidad y el\naislamiento a trav\u00e9s de las residencias sanitarias, debe tener un\nfinanciamiento consensuado y asegurado en todos los territorios de nuestro\npa\u00eds, y principalmente en las comunas\u201d.<\/p>\n\n\n\n<p>Sobre el plan paso a\npaso anunciado por el gobierno, el alcalde Paredes expres\u00f3 que \u201cun plan de\ndesconfinamiento tiene que hacerse de la mano con los municipios, esperamos que\neste llamado a los gobiernos locales, no sea solamente para el anuncio, si no\nque m\u00e1s bien sea un trabajo permanente, donde los alcaldes y alcaldesas\nparticipemos en el an\u00e1lisis y el diagn\u00f3stico, pero tambi\u00e9n en la toma de\ndecisiones\u201d.<\/p>\n\n\n\n<p>Finalmente, el\npresidente de la AChM pidi\u00f3 mayor coordinaci\u00f3n comunal, se\u00f1alando que, \u201cel\nllamado que hacemos al Ministerio de Salud, es que empodere a las distintas\nSecretar\u00edas Ministeriales de Salud en cada regi\u00f3n, para dar una se\u00f1al clara de\ndescentralizaci\u00f3n, y tambi\u00e9n creo que lleg\u00f3 el momento en esta emergencia\nsanitaria, para que las regiones empiecen a tomar sus propias decisiones\u201d.<\/p>\n","protected":false},"excerpt":{"rendered":"<p>El presidente de la asociaci\u00f3n Chilena de Municipalidades (AChM), alcalde de Natales, Fernando Paredes agradeci\u00f3 al gobierno que las fases de desconfinamiento hayan sido informadas se\u00f1alando que, \u201cvaloramos profundamente que&#8230; <a class=\"read-more\" href=\"https:\/\/www.radiopresidenteibanez.cl\/web\/presidente-de-la-achm-sobre-el-desconfinamiento-esperamos-que-este-llamado-a-los-gobiernos-locales-no-sea-solamente-para-el-anuncio-sino-que-mas-bien-sea-un-trabajo-permanente\/\">Leer m\u00e1s<\/a><\/p>\n","protected":false},"author":2,"featured_media":10592,"comment_status":"closed","ping_status":"closed","sticky":false,"template":"","format":"standard","meta":{"footnotes":""},"categories":[1],"tags":[],"class_list":["post-13469","post","type-post","status-publish","format-standard","has-post-thumbnail","hentry","category-cronica"],"_links":{"self":[{"href":"https:\/\/www.radiopresidenteibanez.cl\/web\/wp-json\/wp\/v2\/posts\/13469","targetHints":{"allow":["GET"]}}],"collection":[{"href":"https:\/\/www.radiopresidenteibanez.cl\/web\/wp-json\/wp\/v2\/posts"}],"about":[{"href":"https:\/\/www.radiopresidenteibanez.cl\/web\/wp-json\/wp\/v2\/types\/post"}],"author":[{"embeddable":true,"href":"https:\/\/www.radiopresidenteibanez.cl\/web\/wp-json\/wp\/v2\/users\/2"}],"replies":[{"embeddable":true,"href":"https:\/\/www.radiopresidenteibanez.cl\/web\/wp-json\/wp\/v2\/comments?post=13469"}],"version-history":[{"count":0,"href":"https:\/\/www.radiopresidenteibanez.cl\/web\/wp-json\/wp\/v2\/posts\/13469\/revisions"}],"wp:featuredmedia":[{"embeddable":true,"href":"https:\/\/www.radiopresidenteibanez.cl\/web\/wp-json\/wp\/v2\/media\/10592"}],"wp:attachment":[{"href":"https:\/\/www.radiopresidenteibanez.cl\/web\/wp-json\/wp\/v2\/media?parent=13469"}],"wp:term":[{"taxonomy":"category","embeddable":true,"href":"https:\/\/www.radiopresidenteibanez.cl\/web\/wp-json\/wp\/v2\/categories?post=13469"},{"taxonomy":"post_tag","embeddable":true,"href":"https:\/\/www.radiopresidenteibanez.cl\/web\/wp-json\/wp\/v2\/tags?post=13469"}],"curies":[{"name":"wp","href":"https:\/\/api.w.org\/{rel}","templated":true}]}}