{"id":13465,"date":"2020-07-20T14:55:16","date_gmt":"2020-07-20T14:55:16","guid":{"rendered":"https:\/\/www.radiopresidenteibanez.cl\/web\/?p=13465"},"modified":"2020-07-20T14:55:19","modified_gmt":"2020-07-20T14:55:19","slug":"por-unos-dolares-mas-por-pablo-cruz","status":"publish","type":"post","link":"https:\/\/www.radiopresidenteibanez.cl\/web\/por-unos-dolares-mas-por-pablo-cruz\/","title":{"rendered":"POR UNOS D\u00d3LARES M\u00c1S por Pablo Cruz"},"content":{"rendered":"\n<p>Pocas veces un proyecto de ley ha causado m\u00e1s batahola\nque la iniciativa de reforma constitucional que permitir\u00eda que la gente pueda\nretirar hasta el 10 por ciento de sus fondos de pensiones.<\/p>\n\n\n\n<p>Trat\u00e1ndose de una iniciativa que le va a quitar plata\na las AFP, y por lo tanto le va disminuir los intereses que ganan con esta\nplata, es natural que haya una pelea entre empresarios y gente com\u00fan, y que\nexista una tremenda campa\u00f1a en los diarios El Mercurio y La Tercera con\nentrevistas a empresarios que explican porque no hay que tocar los fondos,\npropiedad de los cotizantes, pero muy agarrados por las AFP.<\/p>\n\n\n\n<p>Lo que no es natural es que la pelea ya no sea entre\nizquierda y derecha, como estamos acostumbrados a ver en pol\u00edtica, sino que en\nlos dos sectores haya gente a favor y en contra, con partidarios del gobierno\ncontra el gobierno que, con dientes y u\u00f1as, no quiere que nadie toque esas\nplatas.<\/p>\n\n\n\n<p>El ministro de Hacienda, que dice estar defendiendo\nlas plantas del fisco, ha dado una serie de n\u00fameros para defender la posici\u00f3n\ndel gobierno de impedir el retiro del 10 por ciento, hasta ha hecho unos\nc\u00e1lculos muy de economista pata asegurar que el 10 es en realidad un 40.<\/p>\n\n\n\n<p>Pero lo m\u00e1s llamativo de las explicaciones del\nministro es su c\u00e1lculo de lo que le va a costar al erario nacional el proyecto,\nsi se aprueba. Y dijo que el retiro significar\u00e1 un costo de 3.500 millones de\nd\u00f3lares en subsidios a la pensi\u00f3n solidaria. Y otro costo de 700 millones de\nd\u00f3lares si se aprueba que se pueda retirar la plata sin pagar impuestos, lo que\nda un total de poco m\u00e1s de 4 mil millones de d\u00f3lares.<\/p>\n\n\n\n<p>La gente de buena memoria recuerda que el a\u00f1o 1983 hubo\notras crisis en Chile, esta vez econ\u00f3mica, con bancos y financieras en quiebra.\nPara evitar la cat\u00e1strofe, la dictadura militar intervino los bancos y les\nentreg\u00f3 2.600 millones de d\u00f3lares en pr\u00e9stamos de emergencia para comprar\nportafolios irrecuperables y otros 2.500 millones de d\u00f3lares para reprogramar\nlas deudas de los privados, en total 5.100 millones de la \u00e9poca y a m\u00e1s de 40\na\u00f1os de plazo, tanto que el Banco de Chile reci\u00e9n pag\u00f3 su deuda el a\u00f1o pasado y\nse jact\u00f3 de haberla pagado con a\u00f1os de anticipaci\u00f3n.<\/p>\n\n\n\n<p>Esta deuda, que se llam\u00f3 subordinada, era mucho mayor\nque el gasto de que habla el ministro para pensiones solidarias, que no existir\u00edan\nsi hubiera sido verdad &nbsp;que el sistema de\nAFP iba a permitir que la gente jubilara con la misma renta que ten\u00eda cuando\ntrabajaba.<\/p>\n","protected":false},"excerpt":{"rendered":"<p>Pocas veces un proyecto de ley ha causado m\u00e1s batahola que la iniciativa de reforma constitucional que permitir\u00eda que la gente pueda retirar hasta el 10 por ciento de sus&#8230; <a class=\"read-more\" href=\"https:\/\/www.radiopresidenteibanez.cl\/web\/por-unos-dolares-mas-por-pablo-cruz\/\">Leer m\u00e1s<\/a><\/p>\n","protected":false},"author":2,"featured_media":10716,"comment_status":"closed","ping_status":"closed","sticky":false,"template":"","format":"standard","meta":{"footnotes":""},"categories":[1],"tags":[],"class_list":["post-13465","post","type-post","status-publish","format-standard","has-post-thumbnail","hentry","category-cronica"],"_links":{"self":[{"href":"https:\/\/www.radiopresidenteibanez.cl\/web\/wp-json\/wp\/v2\/posts\/13465","targetHints":{"allow":["GET"]}}],"collection":[{"href":"https:\/\/www.radiopresidenteibanez.cl\/web\/wp-json\/wp\/v2\/posts"}],"about":[{"href":"https:\/\/www.radiopresidenteibanez.cl\/web\/wp-json\/wp\/v2\/types\/post"}],"author":[{"embeddable":true,"href":"https:\/\/www.radiopresidenteibanez.cl\/web\/wp-json\/wp\/v2\/users\/2"}],"replies":[{"embeddable":true,"href":"https:\/\/www.radiopresidenteibanez.cl\/web\/wp-json\/wp\/v2\/comments?post=13465"}],"version-history":[{"count":0,"href":"https:\/\/www.radiopresidenteibanez.cl\/web\/wp-json\/wp\/v2\/posts\/13465\/revisions"}],"wp:featuredmedia":[{"embeddable":true,"href":"https:\/\/www.radiopresidenteibanez.cl\/web\/wp-json\/wp\/v2\/media\/10716"}],"wp:attachment":[{"href":"https:\/\/www.radiopresidenteibanez.cl\/web\/wp-json\/wp\/v2\/media?parent=13465"}],"wp:term":[{"taxonomy":"category","embeddable":true,"href":"https:\/\/www.radiopresidenteibanez.cl\/web\/wp-json\/wp\/v2\/categories?post=13465"},{"taxonomy":"post_tag","embeddable":true,"href":"https:\/\/www.radiopresidenteibanez.cl\/web\/wp-json\/wp\/v2\/tags?post=13465"}],"curies":[{"name":"wp","href":"https:\/\/api.w.org\/{rel}","templated":true}]}}