{"id":13457,"date":"2020-07-17T21:34:00","date_gmt":"2020-07-17T21:34:00","guid":{"rendered":"https:\/\/www.radiopresidenteibanez.cl\/web\/?p=13457"},"modified":"2020-07-17T21:34:09","modified_gmt":"2020-07-17T21:34:09","slug":"sandra-amar-diputada-de-magallanes-anuncia-su-salida-de-la-udi","status":"publish","type":"post","link":"https:\/\/www.radiopresidenteibanez.cl\/web\/sandra-amar-diputada-de-magallanes-anuncia-su-salida-de-la-udi\/","title":{"rendered":"SANDRA AMAR DIPUTADA DE MAGALLANES ANUNCIA SU SALIDA DE LA UDI"},"content":{"rendered":"\n<p>Durante horas\nde esta tarde, viernes 17 de julio, la diputada por Magallanes, Sandra Amar,\nrenunci\u00f3 a su militancia en la Uni\u00f3n Dem\u00f3crata Independiente (UDI) junto a los\ndiputados Carter y Troncoso, quien hab\u00edan sido pasado al Tribunal Supremo del\npartido, luego de su votaci\u00f3n a favor del retiro de los fondos de pensiones.<\/p>\n\n\n\n<p>La informaci\u00f3n fue entregada por Amar a trav\u00e9s de Twitter, donde coment\u00f3 que \u201clos firmantes (Amar, Carter, Troncoso), no hemos cometido ninguna falta a los principios de la UDI, ni hemos cometido delito alguno\u201d.<\/p>\n\n\n\n<p><\/p>\n\n\n\n<p>CHH.<\/p>\n\n\n\n<figure class=\"wp-block-image size-large\"><img loading=\"lazy\" decoding=\"async\" width=\"900\" height=\"700\" src=\"https:\/\/www.radiopresidenteibanez.cl\/web\/wp-content\/uploads\/2020\/07\/Screenshot_20200717-181240_Facebook.jpg\" alt=\"\" class=\"wp-image-13458\" srcset=\"https:\/\/www.radiopresidenteibanez.cl\/web\/wp-content\/uploads\/2020\/07\/Screenshot_20200717-181240_Facebook.jpg 900w, https:\/\/www.radiopresidenteibanez.cl\/web\/wp-content\/uploads\/2020\/07\/Screenshot_20200717-181240_Facebook-300x233.jpg 300w, https:\/\/www.radiopresidenteibanez.cl\/web\/wp-content\/uploads\/2020\/07\/Screenshot_20200717-181240_Facebook-768x597.jpg 768w\" sizes=\"auto, (max-width: 900px) 100vw, 900px\" \/><\/figure>\n","protected":false},"excerpt":{"rendered":"<p>Durante horas de esta tarde, viernes 17 de julio, la diputada por Magallanes, Sandra Amar, renunci\u00f3 a su militancia en la Uni\u00f3n Dem\u00f3crata Independiente (UDI) junto a los diputados Carter&#8230; <a class=\"read-more\" href=\"https:\/\/www.radiopresidenteibanez.cl\/web\/sandra-amar-diputada-de-magallanes-anuncia-su-salida-de-la-udi\/\">Leer m\u00e1s<\/a><\/p>\n","protected":false},"author":2,"featured_media":13458,"comment_status":"closed","ping_status":"closed","sticky":false,"template":"","format":"standard","meta":{"footnotes":""},"categories":[1],"tags":[],"class_list":["post-13457","post","type-post","status-publish","format-standard","has-post-thumbnail","hentry","category-cronica"],"_links":{"self":[{"href":"https:\/\/www.radiopresidenteibanez.cl\/web\/wp-json\/wp\/v2\/posts\/13457","targetHints":{"allow":["GET"]}}],"collection":[{"href":"https:\/\/www.radiopresidenteibanez.cl\/web\/wp-json\/wp\/v2\/posts"}],"about":[{"href":"https:\/\/www.radiopresidenteibanez.cl\/web\/wp-json\/wp\/v2\/types\/post"}],"author":[{"embeddable":true,"href":"https:\/\/www.radiopresidenteibanez.cl\/web\/wp-json\/wp\/v2\/users\/2"}],"replies":[{"embeddable":true,"href":"https:\/\/www.radiopresidenteibanez.cl\/web\/wp-json\/wp\/v2\/comments?post=13457"}],"version-history":[{"count":0,"href":"https:\/\/www.radiopresidenteibanez.cl\/web\/wp-json\/wp\/v2\/posts\/13457\/revisions"}],"wp:featuredmedia":[{"embeddable":true,"href":"https:\/\/www.radiopresidenteibanez.cl\/web\/wp-json\/wp\/v2\/media\/13458"}],"wp:attachment":[{"href":"https:\/\/www.radiopresidenteibanez.cl\/web\/wp-json\/wp\/v2\/media?parent=13457"}],"wp:term":[{"taxonomy":"category","embeddable":true,"href":"https:\/\/www.radiopresidenteibanez.cl\/web\/wp-json\/wp\/v2\/categories?post=13457"},{"taxonomy":"post_tag","embeddable":true,"href":"https:\/\/www.radiopresidenteibanez.cl\/web\/wp-json\/wp\/v2\/tags?post=13457"}],"curies":[{"name":"wp","href":"https:\/\/api.w.org\/{rel}","templated":true}]}}