{"id":13455,"date":"2020-07-17T21:08:17","date_gmt":"2020-07-17T21:08:17","guid":{"rendered":"https:\/\/www.radiopresidenteibanez.cl\/web\/?p=13455"},"modified":"2020-07-17T21:08:22","modified_gmt":"2020-07-17T21:08:22","slug":"gobernador-nelson-carcamo-solicito-a-la-autoridad-de-salud-que-aparte-de-sus-funciones-a-funcionario-acusado-de-acoso-sexual-mientras-dure-la-investigacion","status":"publish","type":"post","link":"https:\/\/www.radiopresidenteibanez.cl\/web\/gobernador-nelson-carcamo-solicito-a-la-autoridad-de-salud-que-aparte-de-sus-funciones-a-funcionario-acusado-de-acoso-sexual-mientras-dure-la-investigacion\/","title":{"rendered":"GOBERNADOR NELSON C\u00c1RCAMO, SOLICIT\u00d3 A LA AUTORIDAD DE SALUD QUE APARTE DE SUS FUNCIONES A FUNCIONARIO ACUSADO DE ACOSO SEXUAL MIENTRAS DURE LA INVESTIGACI\u00d3N"},"content":{"rendered":"\n<p>Durante la tarde de ayer, jueves 16 de julio, se dio a conocer una denuncia\nrealizada por una funcionaria del Hospital Comunitario Cristina Calder\u00f3n de Puerto\nWilliams, contra un funcionario por acoso sexual, en la oportunidad se gestaron\ndistintas manifestaciones por parte de las y los vecinos de la \u00faltima ciudad del\nmundo, incluyendo una funa a las afueras de la vivienda del acusado, solicitando\nsu salida del recinto.<\/p>\n\n\n\n<p>Lo anterior no sucedi\u00f3 y hoy viernes el funcionario aludido se encontraba\ncumpliendo sus labores correspondientes, mientras que la afectada, se encuentra\nen su hogar por una licencia m\u00e9dica.<\/p>\n\n\n\n<p>En este sentido, el Gobernador de la Provincia Ant\u00e1rtica, Nelson\nC\u00e1rcamo, se reuni\u00f3 con el Intendente de Magallanes, Jos\u00e9 Fern\u00e1ndez, para\nanalizar dicha situaci\u00f3n y solicit\u00f3 tambi\u00e9n al director del Servicio de Salud\nMagallanes, Nelson Reyes, apartar de sus funciones al funcionario denunciado\nmientras dure la investigaci\u00f3n.<\/p>\n\n\n\n<p>Cabe mencionar que, a trav\u00e9s de un comunicado de prensa, el Servicio de\nSalud Magallanes, expres\u00f3 que; <\/p>\n\n\n\n<ul class=\"wp-block-list\"><li>El funcionario aludido ha sido separado de forma preventiva de sus funciones.<\/li><li>Se\u00f1alar que, la prioridad para este Servicio de Salud y su Red Asistencial es velar por el bienestar de nuestros funcionarios\/as y usuarios\/as, por lo que cualquier practica anormal que afecte su integridad f\u00edsica y\/o emocional se encuentra directamente en contra de nuestros principios y valores organizacionales.<\/li><\/ul>\n\n\n\n<p><\/p>\n\n\n\n<p>CHH.<\/p>\n","protected":false},"excerpt":{"rendered":"<p>Durante la tarde de ayer, jueves 16 de julio, se dio a conocer una denuncia realizada por una funcionaria del Hospital Comunitario Cristina Calder\u00f3n de Puerto Williams, contra un funcionario&#8230; <a class=\"read-more\" href=\"https:\/\/www.radiopresidenteibanez.cl\/web\/gobernador-nelson-carcamo-solicito-a-la-autoridad-de-salud-que-aparte-de-sus-funciones-a-funcionario-acusado-de-acoso-sexual-mientras-dure-la-investigacion\/\">Leer m\u00e1s<\/a><\/p>\n","protected":false},"author":2,"featured_media":10365,"comment_status":"closed","ping_status":"closed","sticky":false,"template":"","format":"standard","meta":{"footnotes":""},"categories":[1],"tags":[],"class_list":["post-13455","post","type-post","status-publish","format-standard","has-post-thumbnail","hentry","category-cronica"],"_links":{"self":[{"href":"https:\/\/www.radiopresidenteibanez.cl\/web\/wp-json\/wp\/v2\/posts\/13455","targetHints":{"allow":["GET"]}}],"collection":[{"href":"https:\/\/www.radiopresidenteibanez.cl\/web\/wp-json\/wp\/v2\/posts"}],"about":[{"href":"https:\/\/www.radiopresidenteibanez.cl\/web\/wp-json\/wp\/v2\/types\/post"}],"author":[{"embeddable":true,"href":"https:\/\/www.radiopresidenteibanez.cl\/web\/wp-json\/wp\/v2\/users\/2"}],"replies":[{"embeddable":true,"href":"https:\/\/www.radiopresidenteibanez.cl\/web\/wp-json\/wp\/v2\/comments?post=13455"}],"version-history":[{"count":0,"href":"https:\/\/www.radiopresidenteibanez.cl\/web\/wp-json\/wp\/v2\/posts\/13455\/revisions"}],"wp:featuredmedia":[{"embeddable":true,"href":"https:\/\/www.radiopresidenteibanez.cl\/web\/wp-json\/wp\/v2\/media\/10365"}],"wp:attachment":[{"href":"https:\/\/www.radiopresidenteibanez.cl\/web\/wp-json\/wp\/v2\/media?parent=13455"}],"wp:term":[{"taxonomy":"category","embeddable":true,"href":"https:\/\/www.radiopresidenteibanez.cl\/web\/wp-json\/wp\/v2\/categories?post=13455"},{"taxonomy":"post_tag","embeddable":true,"href":"https:\/\/www.radiopresidenteibanez.cl\/web\/wp-json\/wp\/v2\/tags?post=13455"}],"curies":[{"name":"wp","href":"https:\/\/api.w.org\/{rel}","templated":true}]}}