{"id":13453,"date":"2020-07-17T17:28:33","date_gmt":"2020-07-17T17:28:33","guid":{"rendered":"https:\/\/www.radiopresidenteibanez.cl\/web\/?p=13453"},"modified":"2020-07-17T17:28:37","modified_gmt":"2020-07-17T17:28:37","slug":"ssm-se-refiere-a-la-denuncia-de-abuso-en-hospital-de-puerto-williams","status":"publish","type":"post","link":"https:\/\/www.radiopresidenteibanez.cl\/web\/ssm-se-refiere-a-la-denuncia-de-abuso-en-hospital-de-puerto-williams\/","title":{"rendered":"SSM SE REFIERE A LA DENUNCIA DE ABUSO EN HOSPITAL DE PUERTO WILLIAMS"},"content":{"rendered":"\n<p>Ante antecedentes informados\na esta Direcci\u00f3n de Servicio y que dicen relaci\u00f3n con el ejercicio profesional\nde uno de los funcionarios pertenecientes a la Ley M\u00e9dica de nuestra Red\nAsistencial, deseamos manifestar lo siguiente:<\/p>\n\n\n\n<ul class=\"wp-block-list\"><li>Desde el Hospital Comunitario Cristina Calder\u00f3n de Puerto Williams se ha\ntomado conocimiento e informado a esta Direcci\u00f3n, el d\u00eda 15 de julio, de una\ndenuncia de un supuesto abuso hacia una de nuestras funcionarias, por lo que\nesta Direcci\u00f3n de Servicio instruy\u00f3 de forma inmediata el inicio de un sumario\nadministrativo en el establecimiento, tendiente a investigar y establecer los\nhechos que podr\u00edan constituir una infracci\u00f3n administrativa o hecho punible.<\/li><\/ul>\n\n\n\n<ul class=\"wp-block-list\"><li>El funcionario aludido ha sido separado de forma preventiva de sus\nfunciones.<\/li><\/ul>\n\n\n\n<ul class=\"wp-block-list\"><li>Se\u00f1alar que, la prioridad para este Servicio de Salud y su Red\nAsistencial es velar por el bienestar de nuestros funcionarios\/as y usuarios\/as,\npor lo que cualquier practica anormal que afecte su integridad f\u00edsica y\/o\nemocional se encuentra directamente en contra de nuestros principios y valores\norganizacionales.<\/li><\/ul>\n","protected":false},"excerpt":{"rendered":"<p>Ante antecedentes informados a esta Direcci\u00f3n de Servicio y que dicen relaci\u00f3n con el ejercicio profesional de uno de los funcionarios pertenecientes a la Ley M\u00e9dica de nuestra Red Asistencial,&#8230; <a class=\"read-more\" href=\"https:\/\/www.radiopresidenteibanez.cl\/web\/ssm-se-refiere-a-la-denuncia-de-abuso-en-hospital-de-puerto-williams\/\">Leer m\u00e1s<\/a><\/p>\n","protected":false},"author":2,"featured_media":8133,"comment_status":"closed","ping_status":"closed","sticky":false,"template":"","format":"standard","meta":{"footnotes":""},"categories":[1],"tags":[],"class_list":["post-13453","post","type-post","status-publish","format-standard","has-post-thumbnail","hentry","category-cronica"],"_links":{"self":[{"href":"https:\/\/www.radiopresidenteibanez.cl\/web\/wp-json\/wp\/v2\/posts\/13453","targetHints":{"allow":["GET"]}}],"collection":[{"href":"https:\/\/www.radiopresidenteibanez.cl\/web\/wp-json\/wp\/v2\/posts"}],"about":[{"href":"https:\/\/www.radiopresidenteibanez.cl\/web\/wp-json\/wp\/v2\/types\/post"}],"author":[{"embeddable":true,"href":"https:\/\/www.radiopresidenteibanez.cl\/web\/wp-json\/wp\/v2\/users\/2"}],"replies":[{"embeddable":true,"href":"https:\/\/www.radiopresidenteibanez.cl\/web\/wp-json\/wp\/v2\/comments?post=13453"}],"version-history":[{"count":0,"href":"https:\/\/www.radiopresidenteibanez.cl\/web\/wp-json\/wp\/v2\/posts\/13453\/revisions"}],"wp:featuredmedia":[{"embeddable":true,"href":"https:\/\/www.radiopresidenteibanez.cl\/web\/wp-json\/wp\/v2\/media\/8133"}],"wp:attachment":[{"href":"https:\/\/www.radiopresidenteibanez.cl\/web\/wp-json\/wp\/v2\/media?parent=13453"}],"wp:term":[{"taxonomy":"category","embeddable":true,"href":"https:\/\/www.radiopresidenteibanez.cl\/web\/wp-json\/wp\/v2\/categories?post=13453"},{"taxonomy":"post_tag","embeddable":true,"href":"https:\/\/www.radiopresidenteibanez.cl\/web\/wp-json\/wp\/v2\/tags?post=13453"}],"curies":[{"name":"wp","href":"https:\/\/api.w.org\/{rel}","templated":true}]}}