{"id":13446,"date":"2020-07-17T13:30:48","date_gmt":"2020-07-17T13:30:48","guid":{"rendered":"https:\/\/www.radiopresidenteibanez.cl\/web\/?p=13446"},"modified":"2020-07-17T13:30:52","modified_gmt":"2020-07-17T13:30:52","slug":"jefe-de-gobierno-interior-encabeza-gabinete-regional-en-magallanes","status":"publish","type":"post","link":"https:\/\/www.radiopresidenteibanez.cl\/web\/jefe-de-gobierno-interior-encabeza-gabinete-regional-en-magallanes\/","title":{"rendered":"JEFE DE GOBIERNO INTERIOR ENCABEZA GABINETE REGIONAL EN MAGALLANES"},"content":{"rendered":"\n<p>Con el objetivo de entregar un mensaje\nde unidad y trabajo en equipo a los integrantes del Gabinete Regional, el Jefe\nde la Divisi\u00f3n de Gobierno Interior, Pablo Galilea, encabez\u00f3 la reuni\u00f3n organizada\npor la Intendencia de Magallanes, en la cual tambi\u00e9n participaron todos los\nGobernadores y los seremis de las distintas carteras de la regi\u00f3n.<\/p>\n\n\n\n<p>En la cita, habl\u00f3 sobre el\ncompromiso de los seremis con la primera autoridad regional y destac\u00f3 la\nimportancia de trabajar en conjunto para llevar adelante los principales\nproyectos y programas de la regi\u00f3n.<\/p>\n\n\n\n<p>\u201cEstas reuniones son muy\ngratificantes porque uno se informa del trabajo en terreno que hacen nuestros\nseremis, las obras importantes que est\u00e1 llevando a cabo el Gobierno del\nPresidente Sebasti\u00e1n Pi\u00f1era en la zona y lo comprometidos que est\u00e1n las\nautoridades regionales para salir adelante sobre todo en estos d\u00edas tan\ndif\u00edciles\u201d, manifest\u00f3 Galilea.<\/p>\n\n\n\n<p>Durante la actividad los seremis\ninformaron sus principales preocupaciones y trabajos que desarrollan en cada\ncartera, centr\u00e1ndose en el trabajo diario que realizan para combatir el\nCovid-19 en la regi\u00f3n y la implementaci\u00f3n de toda la Red de Protecci\u00f3n Social\nque est\u00e1 impulsando el Gobierno. <\/p>\n\n\n\n<p>En cuanto a la situaci\u00f3n\npol\u00edtico-social que est\u00e1 viviendo la regi\u00f3n en particular, el Jefe de Gobierno\nInterior explic\u00f3 que \u201cen un contexto de estallido social, pandemia y las\nrepercusiones econ\u00f3micas que esta va a tener, se requiere m\u00e1s unidad que nunca.\nNo podemos quedarnos paralizados ante esto, de hecho, tenemos que continuar\ntrabajando para sacar adelante nuestro programa de Gobierno, sobre todo ac\u00e1 en\nMagallanes, donde hay una serie de proyectos y obras emblem\u00e1ticas sobre las\ncuales hay que poner foco. Respecto a esto, veo al gabinete regional muy\ncomprometido y con ganas de cumplir con sus tareas, porque saben que detr\u00e1s de\ntodo esto est\u00e1 darle una mayor preponderancia a la regi\u00f3n a nivel nacional e\ninternacional\u201d.<\/p>\n\n\n\n<p>Adem\u00e1s, la autoridad nacional\ndestac\u00f3 \u201cel tremendo esfuerzo que se est\u00e1 haciendo en materia de vivienda,\ndonde se construir\u00e1n m\u00e1s de cuatro mil nuevas construcciones, lo que es un\nhecho tremendamente positivo porque va a disminuir significativamente el\nd\u00e9ficit que exist\u00eda en Magallanes\u201d.<\/p>\n\n\n\n<p>Por su parte, el Intendente de\nMagallanes, Jos\u00e9 Fern\u00e1ndez, agradeci\u00f3 la visita del Jefe de Gobierno Interior,\ny expres\u00f3 que \u201ctenerlo en la regi\u00f3n ha sido muy interesante y fruct\u00edfero. Todas\nlas reuniones que hemos sostenido desde su llegada han servido para que pueda\nconocer de primera fuente lo que est\u00e1 haciendo el Gobierno Regional y nosotros\nrecibir desde el nivel central directrices muy claras y precisas\u201d. <\/p>\n\n\n\n<p>Para terminar, Galilea continuar\u00e1\ncon una jornada de trabajo en terreno en la regi\u00f3n, la cual se extender\u00e1 hasta\nma\u00f1ana viernes.<\/p>\n","protected":false},"excerpt":{"rendered":"<p>Con el objetivo de entregar un mensaje de unidad y trabajo en equipo a los integrantes del Gabinete Regional, el Jefe de la Divisi\u00f3n de Gobierno Interior, Pablo Galilea, encabez\u00f3&#8230; <a class=\"read-more\" href=\"https:\/\/www.radiopresidenteibanez.cl\/web\/jefe-de-gobierno-interior-encabeza-gabinete-regional-en-magallanes\/\">Leer m\u00e1s<\/a><\/p>\n","protected":false},"author":2,"featured_media":13447,"comment_status":"closed","ping_status":"closed","sticky":false,"template":"","format":"standard","meta":{"footnotes":""},"categories":[1],"tags":[],"class_list":["post-13446","post","type-post","status-publish","format-standard","has-post-thumbnail","hentry","category-cronica"],"_links":{"self":[{"href":"https:\/\/www.radiopresidenteibanez.cl\/web\/wp-json\/wp\/v2\/posts\/13446","targetHints":{"allow":["GET"]}}],"collection":[{"href":"https:\/\/www.radiopresidenteibanez.cl\/web\/wp-json\/wp\/v2\/posts"}],"about":[{"href":"https:\/\/www.radiopresidenteibanez.cl\/web\/wp-json\/wp\/v2\/types\/post"}],"author":[{"embeddable":true,"href":"https:\/\/www.radiopresidenteibanez.cl\/web\/wp-json\/wp\/v2\/users\/2"}],"replies":[{"embeddable":true,"href":"https:\/\/www.radiopresidenteibanez.cl\/web\/wp-json\/wp\/v2\/comments?post=13446"}],"version-history":[{"count":0,"href":"https:\/\/www.radiopresidenteibanez.cl\/web\/wp-json\/wp\/v2\/posts\/13446\/revisions"}],"wp:featuredmedia":[{"embeddable":true,"href":"https:\/\/www.radiopresidenteibanez.cl\/web\/wp-json\/wp\/v2\/media\/13447"}],"wp:attachment":[{"href":"https:\/\/www.radiopresidenteibanez.cl\/web\/wp-json\/wp\/v2\/media?parent=13446"}],"wp:term":[{"taxonomy":"category","embeddable":true,"href":"https:\/\/www.radiopresidenteibanez.cl\/web\/wp-json\/wp\/v2\/categories?post=13446"},{"taxonomy":"post_tag","embeddable":true,"href":"https:\/\/www.radiopresidenteibanez.cl\/web\/wp-json\/wp\/v2\/tags?post=13446"}],"curies":[{"name":"wp","href":"https:\/\/api.w.org\/{rel}","templated":true}]}}