{"id":13444,"date":"2020-07-17T13:18:43","date_gmt":"2020-07-17T13:18:43","guid":{"rendered":"https:\/\/www.radiopresidenteibanez.cl\/web\/?p=13444"},"modified":"2020-07-17T13:18:46","modified_gmt":"2020-07-17T13:18:46","slug":"petitorio-del-sector-turistico-gastronomico-de-la-patagonia-region-de-aysen-del-general-carlos-ibanez-del-campo-y-la-region-de-magallanes-y-antartica-chilena","status":"publish","type":"post","link":"https:\/\/www.radiopresidenteibanez.cl\/web\/petitorio-del-sector-turistico-gastronomico-de-la-patagonia-region-de-aysen-del-general-carlos-ibanez-del-campo-y-la-region-de-magallanes-y-antartica-chilena\/","title":{"rendered":"PETITORIO DEL SECTOR TUR\u00cdSTICO GASTRON\u00d3MICO DE LA PATAGONIA REGI\u00d3N DE AYSEN DEL GENERAL CARLOS IB\u00c1\u00d1EZ DEL CAMPO Y LA REGI\u00d3N DE MAGALLANES Y ANT\u00c1RTICA CHILENA"},"content":{"rendered":"\n<p>Con fecha 20 de Marzo del 2020, producto de la\nPandemia del Covid-19, la autoridad Sanitaria&nbsp;\nemiti\u00f3 la resoluci\u00f3n exenta n\u00famero 200 en su art\u00edculo 4.to inciso\nsegundo, donde se&nbsp; decret\u00f3 el cierre\nobligatorio de restaurantes, cafeter\u00edas, discoteque y otros, lo que se mantiene\nvigente hasta la fecha y no se visualiza que esta situaci\u00f3n se vaya a revertir\nen el corto plazo, por lo tanto es necesario se tomen&nbsp; URGENTE medidas de sobre vivencia y posterior\nreactivaci\u00f3n del sector turismo, que de no hacerlo, se producir\u00e1 una quiebra y\ncierre generalizado de esta actividad.<\/p>\n\n\n\n<p>Esta\nindustria, adem\u00e1s de ser importante en materia de creaci\u00f3n de empleo, dinamiza\nla econom\u00eda regional y su cadena de valor&nbsp;efectivamente, es altamente\ndemandante de bienes y servicios de otras industrias tales como alimentos,\nbebestibles, frutas y verduras, productos c\u00e1rnicos, etc., a lo que adiciona a otros\ndel sector servicios.<\/p>\n\n\n\n<p>A\ntres meses y quince d\u00edas del decreto de autoridad que prohibi\u00f3 el\nfuncionamiento de nuestros locales vemos que las autoridades nacionales y\nregionales no han sido capaces de dimensionar la magnitud de la crisis\necon\u00f3mica que afecta a las empresas y trabajadores de la industria gastron\u00f3mica\ntur\u00edstica. Con este documento pretendemos expresar claramente el conjunto de\nnuestras demandas tanto para el ejecutivo, poder legislativo, gobiernos\nregionales y municipalidades a los cuales agradecemos su comprensi\u00f3n de nuestra\nsituaci\u00f3n que han expresado a trav\u00e9s de los medios de comunicaci\u00f3n pero que no\nhan sido nada m\u00e1s que un cumulo de frases pol\u00edticamente correctas y que en la\npr\u00e1ctica no ha existido ninguna ayuda real al sector.<\/p>\n\n\n\n<p>Hay una\nserie de medidas econ\u00f3micas que el gobierno implement\u00f3 tales como pr\u00f3rroga del\npago de IVA, suspensi\u00f3n del pago del PPM, del pago de contribuciones, de\ncr\u00e9ditos bancarios, otras prorrogas por parte del Municipio en materia de\npatentes Municipales, prorrogas que en el corto plazo ser\u00e1n compromisos que no\nse podr\u00e1n cumplir de no mediar medidas oportunas que ayuden a facilitar lo\nanterior. <\/p>\n\n\n\n<p>Cabe\nindicar que, en el caso de los Restaurantes, estos han perdido sus stocks de\nmercader\u00edas perecibles que se han quemado por exceso de tiempo en frio y otras\nque ya han vencido.&nbsp; Por lo tanto, cuando\nse active la gesti\u00f3n comercial, estos no contaran con el Capital de trabajo que\nles permita reiniciarse y poder volver a funcionar con la nueva realidad.<\/p>\n\n\n\n<p>Cabe\nse\u00f1alar que la medida de protecci\u00f3n del empleo ha sido un alivio al mantener la\nmano de obra disponible, pero aqu\u00ed nuevamente hay una carga econ\u00f3mica que\ncubrir respecto al pago de imposiciones, y nos preocupa conocer que se va hacer\ncuando se cumpla el plazo de este beneficio, el que de no prorrogarse o contar\ncon alguna otra soluci\u00f3n, el sector se ver\u00e1 obligado a despedir a sus\ntrabajadores ya sea por quiebra o razones de fuerza mayor.<\/p>\n\n\n\n<p><strong>Propuestas de\nmedidas:<\/strong><\/p>\n\n\n\n<p><strong>Legislativas:<\/strong><\/p>\n\n\n\n<p>1.-\nModificar la ley de protecci\u00f3n al empleo y en lo que\ncorresponde a empresas del sector tur\u00edstico apoyarlas directamente cancelando\npor el estado los costos previsionales de los trabajadores. (Urgente\nantes del 30 de Julio)<\/p>\n\n\n\n<p>2.- Liberar de pago de patentes comerciales y de\nalcoholes a todos los locales que se encuentren cerrados e imposibilitados\ndesde el 20m de marzo de operar ya sea por decreto de la autoridad o por falta\nde clientes. (Urgente antes del 20 de Julio)<\/p>\n\n\n\n<p>3.-Rebajar\nel IVA, idealmente al 6% por 5 a\u00f1os para reactivar a toda la industria\nrelacionada con el turismo.<\/p>\n\n\n\n<p>4.-Exenci\u00f3n del IVA para toda exportaci\u00f3n de\nservicios Gastron\u00f3micos a&nbsp;&nbsp;&nbsp;&nbsp;&nbsp;&nbsp;&nbsp;&nbsp;&nbsp;\nextranjeros con ventas superiores a US$ 100<\/p>\n\n\n\n<p>5.-Condonaci\u00f3n\nde pago por concepto de concesiones mar\u00edtimas de actividades relacionadas con\nel turismo y que se encuentren cerradas tales como restaurantes, hoteles,\nescuelas de surf, kioscos, y otras actividades tur\u00edsticas por un periodo de dos\na\u00f1os.<\/p>\n\n\n\n<p>6.-Subvenci\u00f3n\na los costos de mano de obra de un 25%, por el periodo de recuperaci\u00f3n\necon\u00f3mica en base al acuerdo suscrito entre el gobierno y la oposici\u00f3n en el\nmarco de la reactivaci\u00f3n. <\/p>\n\n\n\n<p><strong>Medidas financieras:<\/strong><\/p>\n\n\n\n<p>1.- Desarrollar un instrumento mixto con recursos frescos v\u00eda Sercotec\no Corfo no reembolsable para capital de trabajo o reparaciones del local, el\nque deber\u00e1 ser rendido en un periodo de 6 meses con el objeto de poder flotar y\nsobrevivir los pr\u00f3ximos meses. (Urgente lo antes posible)<\/p>\n\n\n\n<p>2.-Respecto de los cr\u00e9ditos fogape covid se solicita a lo menos un a\u00f1o\nde gracia para el sector tur\u00edstico, adem\u00e1s se solicita al ejecutivo del\ngobierno acciones correctivas a este mecanismo que garanticen su acceso a todo\nel sector gastron\u00f3mico y al tur\u00edstico hoy ambos considerado por la banca como\nsectores de riesgo.<\/p>\n\n\n\n<p><strong>Medidas para el ministerio de Econom\u00eda Y\nSalud:<\/strong><\/p>\n\n\n\n<p>1.- Debemos tener indicadores metodol\u00f3gicos claros y transparentes que\nsean de p\u00fablico conocimiento del ministerio de salud que determinen con cual\ntasa de contagio, que cantidad de enfermos activos, capacidad hospitalaria,\netc.&nbsp; Ser\u00e1n los indicadores por los\ncuales una regi\u00f3n puede reiniciar una apertura escalonada de las actividades de\nrestaurantes, caf\u00e9s, pub, aplicando los protocolos sanitarios correspondientes.<\/p>\n\n\n\n<p>2.- queremos saber si se est\u00e1n desarrollando estudios sanitarios en\nregiones para reiniciar una apertura de las actividades econ\u00f3micas que se\nmantiene con decreto de prohibici\u00f3n de la autoridad.<\/p>\n\n\n\n<p>3.- La apertura inicial del 25 % de capacidad de los locales es\ntransitoria, cuanto durara pues complica en exceso a los locales m\u00e1s peque\u00f1os y\nno se consider\u00f3 el protocolo consensuado entre nuestro sector y el ministerio\nde econom\u00eda y salud.<\/p>\n\n\n\n<p><strong>Medidas para los Gobiernos Regionales:<\/strong><\/p>\n\n\n\n<p>1.- Con recursos de asignaci\u00f3n regional se deben desarrollar programas\nde a lo menos 15 meses que permitan mantener en una actividad m\u00ednima a la industria\ntur\u00edstica de las regiones, implementar el proyecto solicitado \u201cLA PATAGONIA\nAYUDA A LA PATAGONIA\u201d<\/p>\n\n\n\n<p><strong>Medidas\nMunicipales:<\/strong><\/p>\n\n\n\n<p>1.-Es facultad delegada por la ley org\u00e1nica\nconstitucional de rentas municipales a los alcaldes y concejales el fijar el\ncobro de las patentes comerciales municipales entre un 0,25 por mil a un 0,50\npor mil (art\u00edculo 23). En punta arenas se cobra el m\u00e1ximo, siendo la actividad\ntur\u00edstica y gastron\u00f3mica de las m\u00e1s golpeadas por la pandemia es que\nsolicitamos se rebaje la patente comercial a lo menos por dos a\u00f1os a 0,25 por\nmil, medida que permitir\u00e1 ir en ayuda directa a uno de los sectores m\u00e1s\nafectado econ\u00f3micamente.<\/p>\n\n\n\n<p>2.- Solicitar que desarrollemos un plan de\ncreaci\u00f3n de terrazas para el sector gastron\u00f3mico en todas las calles donde\npredominan caf\u00e9s, restaurantes y pub de las comunas de la regi\u00f3n.<\/p>\n\n\n\n<p>3.- Se solicita de excluir el cobro por retiros\ndomiciliarios a aquellos locales que se encuentras cerrados sin actividad por\nel decreto de autoridad.<\/p>\n\n\n\n<p>Este petitorio tiene por objeto\nexpresar con claridad las demandas de nuestro sector, solicitud que descansan\nen el aporte con el cual hemos contribuido a desarrollar la actividad\ntur\u00edstica, gastron\u00f3mica y cultural de nuestra regi\u00f3n en los \u00faltimos cuarenta\na\u00f1os, hoy solo pedimos que se comprenda la crisis en la cual estamos\nenfrentados y el apoyo que se nos otorgue nos permitir\u00e1 sostener esta industria\ny seguiremos siendo un aporte relevante para nuestra querida Patagonia.<\/p>\n\n\n\n<p>Creemos que nos merecemos respuestas\nconcretas, en plazos determinados y no seguir manteniendo escenarios de\nincertidumbre, es urgente pronunciarse ya sea en apoyo o rechazo a este\npetitorio.<\/p>\n\n\n\n<p>Atentamente<\/p>\n\n\n\n<p>Asociaci\u00f3n Gremial Gastron\u00f3mica de la\nPatagonia<\/p>\n","protected":false},"excerpt":{"rendered":"<p>Con fecha 20 de Marzo del 2020, producto de la Pandemia del Covid-19, la autoridad Sanitaria&nbsp; emiti\u00f3 la resoluci\u00f3n exenta n\u00famero 200 en su art\u00edculo 4.to inciso segundo, donde se&nbsp;&#8230; <a class=\"read-more\" href=\"https:\/\/www.radiopresidenteibanez.cl\/web\/petitorio-del-sector-turistico-gastronomico-de-la-patagonia-region-de-aysen-del-general-carlos-ibanez-del-campo-y-la-region-de-magallanes-y-antartica-chilena\/\">Leer m\u00e1s<\/a><\/p>\n","protected":false},"author":2,"featured_media":740,"comment_status":"closed","ping_status":"closed","sticky":false,"template":"","format":"standard","meta":{"footnotes":""},"categories":[1],"tags":[],"class_list":["post-13444","post","type-post","status-publish","format-standard","has-post-thumbnail","hentry","category-cronica"],"_links":{"self":[{"href":"https:\/\/www.radiopresidenteibanez.cl\/web\/wp-json\/wp\/v2\/posts\/13444","targetHints":{"allow":["GET"]}}],"collection":[{"href":"https:\/\/www.radiopresidenteibanez.cl\/web\/wp-json\/wp\/v2\/posts"}],"about":[{"href":"https:\/\/www.radiopresidenteibanez.cl\/web\/wp-json\/wp\/v2\/types\/post"}],"author":[{"embeddable":true,"href":"https:\/\/www.radiopresidenteibanez.cl\/web\/wp-json\/wp\/v2\/users\/2"}],"replies":[{"embeddable":true,"href":"https:\/\/www.radiopresidenteibanez.cl\/web\/wp-json\/wp\/v2\/comments?post=13444"}],"version-history":[{"count":0,"href":"https:\/\/www.radiopresidenteibanez.cl\/web\/wp-json\/wp\/v2\/posts\/13444\/revisions"}],"wp:featuredmedia":[{"embeddable":true,"href":"https:\/\/www.radiopresidenteibanez.cl\/web\/wp-json\/wp\/v2\/media\/740"}],"wp:attachment":[{"href":"https:\/\/www.radiopresidenteibanez.cl\/web\/wp-json\/wp\/v2\/media?parent=13444"}],"wp:term":[{"taxonomy":"category","embeddable":true,"href":"https:\/\/www.radiopresidenteibanez.cl\/web\/wp-json\/wp\/v2\/categories?post=13444"},{"taxonomy":"post_tag","embeddable":true,"href":"https:\/\/www.radiopresidenteibanez.cl\/web\/wp-json\/wp\/v2\/tags?post=13444"}],"curies":[{"name":"wp","href":"https:\/\/api.w.org\/{rel}","templated":true}]}}