{"id":13441,"date":"2020-07-16T19:32:37","date_gmt":"2020-07-16T19:32:37","guid":{"rendered":"https:\/\/www.radiopresidenteibanez.cl\/web\/?p=13441"},"modified":"2020-07-16T19:32:42","modified_gmt":"2020-07-16T19:32:42","slug":"municipio-de-punta-arenas-presenta-un-25-menos-de-ingresos-producto-de-la-pandemia","status":"publish","type":"post","link":"https:\/\/www.radiopresidenteibanez.cl\/web\/municipio-de-punta-arenas-presenta-un-25-menos-de-ingresos-producto-de-la-pandemia\/","title":{"rendered":"MUNICIPIO DE PUNTA ARENAS PRESENTA UN 25 % MENOS DE INGRESOS PRODUCTO DE LA PANDEMIA"},"content":{"rendered":"\n<p>En una sesi\u00f3n extraordinaria del Concejo Municipal, realizada este mi\u00e9rcoles 15 de julio, se trat\u00f3 de manera especial la situaci\u00f3n financiera que vive el organismo comunal, producto de los bajos ingresos percibidos desde el inicio de la emergencia sanitaria que vivimos.<\/p>\n\n\n\n<p>En ese contexto, el alcalde Claudio Radonich explic\u00f3 que \u201cactualmente, tenemos un 25 % menos de recursos en lo que va del 2020, lo que nos retrotrae a una realidad similar al presupuesto del a\u00f1o 2015, algo que claramente, es un retroceso para nuestra Municipalidad\u201d.<\/p>\n\n\n\n<p>Producto de ello, la gesti\u00f3n municipal se ha puesto a prueba, por lo que el Alcalde pidi\u00f3 aumentar la eficiencia en el gasto, adem\u00e1s de potenciar el ahorro en ciertos \u00edtems.<\/p>\n\n\n\n<p>Es as\u00ed como en conceptos de arriendos de inmuebles, hoy se abarataron esos costos en 46 millones de pesos. De igual forma, los gastos por concepto de horas extras han disminuido en un 23 %, equivalente a cerca de 83 millones de pesos, lo cual se suma al 10 % menos en inversi\u00f3n de arriendo y mantenci\u00f3n de veh\u00edculos municipales.<\/p>\n\n\n\n<p>En cuanto a las proyecciones, Radonich agreg\u00f3 que el d\u00e9ficit presupuestario estimado, de acuerdo a los ingresos propios permanentes, alcanza los 6 mil millones de pesos, por lo que este ser\u00e1 un presupuesto regresivo, contrario a lo que ocurre habitualmente.<\/p>\n\n\n\n<p>Entre los ejemplos m\u00e1s significativos que generan este d\u00e9ficit, figuran los recursos vinculados a Patentes Municipales, Impuestos Territoriales, Fondo Com\u00fan Municipal y Ley de Casinos, entre otros.<\/p>\n\n\n\n<p>Pese a todo ello, la primera autoridad comunal valor\u00f3 el esfuerzo de quienes no han dejado de trabajar y prestar los servicios municipales durante esta pandemia. Ejemplo de ello es la Agenda Social que ha sido un tremendo apoyo para el 24 % de las familias de Punta Arenas, lo que se suma a los trabajos de Alumbrado P\u00fablico, Reparaci\u00f3n de Sem\u00e1foros, Permisos de Circulaci\u00f3n, Registro Social de Hogares, Aseo, entre otros.<\/p>\n","protected":false},"excerpt":{"rendered":"<p>En una sesi\u00f3n extraordinaria del Concejo Municipal, realizada este mi\u00e9rcoles 15 de julio, se trat\u00f3 de manera especial la situaci\u00f3n financiera que vive el organismo comunal, producto de los bajos&#8230; <a class=\"read-more\" href=\"https:\/\/www.radiopresidenteibanez.cl\/web\/municipio-de-punta-arenas-presenta-un-25-menos-de-ingresos-producto-de-la-pandemia\/\">Leer m\u00e1s<\/a><\/p>\n","protected":false},"author":2,"featured_media":13442,"comment_status":"closed","ping_status":"closed","sticky":false,"template":"","format":"standard","meta":{"footnotes":""},"categories":[1],"tags":[],"class_list":["post-13441","post","type-post","status-publish","format-standard","has-post-thumbnail","hentry","category-cronica"],"_links":{"self":[{"href":"https:\/\/www.radiopresidenteibanez.cl\/web\/wp-json\/wp\/v2\/posts\/13441","targetHints":{"allow":["GET"]}}],"collection":[{"href":"https:\/\/www.radiopresidenteibanez.cl\/web\/wp-json\/wp\/v2\/posts"}],"about":[{"href":"https:\/\/www.radiopresidenteibanez.cl\/web\/wp-json\/wp\/v2\/types\/post"}],"author":[{"embeddable":true,"href":"https:\/\/www.radiopresidenteibanez.cl\/web\/wp-json\/wp\/v2\/users\/2"}],"replies":[{"embeddable":true,"href":"https:\/\/www.radiopresidenteibanez.cl\/web\/wp-json\/wp\/v2\/comments?post=13441"}],"version-history":[{"count":0,"href":"https:\/\/www.radiopresidenteibanez.cl\/web\/wp-json\/wp\/v2\/posts\/13441\/revisions"}],"wp:featuredmedia":[{"embeddable":true,"href":"https:\/\/www.radiopresidenteibanez.cl\/web\/wp-json\/wp\/v2\/media\/13442"}],"wp:attachment":[{"href":"https:\/\/www.radiopresidenteibanez.cl\/web\/wp-json\/wp\/v2\/media?parent=13441"}],"wp:term":[{"taxonomy":"category","embeddable":true,"href":"https:\/\/www.radiopresidenteibanez.cl\/web\/wp-json\/wp\/v2\/categories?post=13441"},{"taxonomy":"post_tag","embeddable":true,"href":"https:\/\/www.radiopresidenteibanez.cl\/web\/wp-json\/wp\/v2\/tags?post=13441"}],"curies":[{"name":"wp","href":"https:\/\/api.w.org\/{rel}","templated":true}]}}