{"id":13438,"date":"2020-07-16T19:31:16","date_gmt":"2020-07-16T19:31:16","guid":{"rendered":"https:\/\/www.radiopresidenteibanez.cl\/web\/?p=13438"},"modified":"2020-07-16T19:31:21","modified_gmt":"2020-07-16T19:31:21","slug":"municipio-implementara-sistema-preventivo-para-mujeres-victimas-de-violencia-intrafamiliar","status":"publish","type":"post","link":"https:\/\/www.radiopresidenteibanez.cl\/web\/municipio-implementara-sistema-preventivo-para-mujeres-victimas-de-violencia-intrafamiliar\/","title":{"rendered":"MUNICIPIO IMPLEMENTAR\u00c1 SISTEMA PREVENTIVO PARA MUJERES V\u00cdCTIMAS DE VIOLENCIA INTRAFAMILIAR"},"content":{"rendered":"\n<p>Como una acci\u00f3n preventiva concreta, calific\u00f3 el alcalde Claudio Radonich, la adjudicaci\u00f3n que permitir\u00e1 implementar un sistema integrado que evite que mujeres v\u00edctimas de violencia familiar, sigan siendo intimidadas por quienes ya lo hicieron en el pasado, todo esto a trav\u00e9s de un trabajo conjunto entre la Municipalidad de Punta Arenas, Carabineros de Chile y la Fiscal\u00eda Regional, con el fin de poder implementar lo que se ha denominado: Bot\u00f3n de P\u00e1nico SOS Mujer.<\/p>\n\n\n\n<p>El sistema en cuesti\u00f3n, permitir\u00e1 activar los protocolos establecidos para proteger a las mujeres que hayan realizado la denuncia correspondiente y se encuentren en proceso de investigaci\u00f3n.<\/p>\n\n\n\n<p>Todo ello, se aplicar\u00e1 a trav\u00e9s de un dispositivo que emite Alerta a trav\u00e9s de mensajer\u00eda de texto, el cual paralelamente, posee un sistema de localizaci\u00f3n inmediata por sistema GPS, generando una llamada a la Central de Emergencias tanto de Carabineros como del Municipio, as\u00ed como tambi\u00e9n a tres contactos entregados por la V\u00edctima.<\/p>\n\n\n\n<p>\u201cEfectivamente, los dispositivos contar\u00e1n con GPS, adem\u00e1s se contempla la adquisici\u00f3n de un software que se instalar\u00e1 en la Central de Monitoreo, por lo que al utilizarse indicar\u00e1 el lugar exacto de donde se encuentra la v\u00edctima, y esa alerta llegar\u00e1 a Carabineros de Chile, Central de Monitoreo y a tres cercanos que ella indique\u201d, agreg\u00f3 Radonich.<\/p>\n\n\n\n<p>La iniciativa nace de una necesidad identificada en nuestra comuna, y que fue trabajada desde el Concejo Municipal con el patrocinio de los ediles Germ\u00e1n Flores y Daniela Panicucci, quienes sostuvieron reuniones de colaboraci\u00f3n en la comuna de Las Condes y Pe\u00f1alol\u00e9n.<\/p>\n\n\n\n<p>La autoridad comunal, valor\u00f3 adem\u00e1s la disposici\u00f3n de todos los actores involucrados para que esto resulte, ya que seg\u00fan dijo \u201cser\u00e1 una herramienta que brindar\u00e1 mayor seguridad y protecci\u00f3n a las mujeres que han sido v\u00edctimas de Violencia\u201d.<\/p>\n","protected":false},"excerpt":{"rendered":"<p>Como una acci\u00f3n preventiva concreta, calific\u00f3 el alcalde Claudio Radonich, la adjudicaci\u00f3n que permitir\u00e1 implementar un sistema integrado que evite que mujeres v\u00edctimas de violencia familiar, sigan siendo intimidadas por&#8230; <a class=\"read-more\" href=\"https:\/\/www.radiopresidenteibanez.cl\/web\/municipio-implementara-sistema-preventivo-para-mujeres-victimas-de-violencia-intrafamiliar\/\">Leer m\u00e1s<\/a><\/p>\n","protected":false},"author":2,"featured_media":13439,"comment_status":"closed","ping_status":"closed","sticky":false,"template":"","format":"standard","meta":{"footnotes":""},"categories":[1],"tags":[],"class_list":["post-13438","post","type-post","status-publish","format-standard","has-post-thumbnail","hentry","category-cronica"],"_links":{"self":[{"href":"https:\/\/www.radiopresidenteibanez.cl\/web\/wp-json\/wp\/v2\/posts\/13438","targetHints":{"allow":["GET"]}}],"collection":[{"href":"https:\/\/www.radiopresidenteibanez.cl\/web\/wp-json\/wp\/v2\/posts"}],"about":[{"href":"https:\/\/www.radiopresidenteibanez.cl\/web\/wp-json\/wp\/v2\/types\/post"}],"author":[{"embeddable":true,"href":"https:\/\/www.radiopresidenteibanez.cl\/web\/wp-json\/wp\/v2\/users\/2"}],"replies":[{"embeddable":true,"href":"https:\/\/www.radiopresidenteibanez.cl\/web\/wp-json\/wp\/v2\/comments?post=13438"}],"version-history":[{"count":0,"href":"https:\/\/www.radiopresidenteibanez.cl\/web\/wp-json\/wp\/v2\/posts\/13438\/revisions"}],"wp:featuredmedia":[{"embeddable":true,"href":"https:\/\/www.radiopresidenteibanez.cl\/web\/wp-json\/wp\/v2\/media\/13439"}],"wp:attachment":[{"href":"https:\/\/www.radiopresidenteibanez.cl\/web\/wp-json\/wp\/v2\/media?parent=13438"}],"wp:term":[{"taxonomy":"category","embeddable":true,"href":"https:\/\/www.radiopresidenteibanez.cl\/web\/wp-json\/wp\/v2\/categories?post=13438"},{"taxonomy":"post_tag","embeddable":true,"href":"https:\/\/www.radiopresidenteibanez.cl\/web\/wp-json\/wp\/v2\/tags?post=13438"}],"curies":[{"name":"wp","href":"https:\/\/api.w.org\/{rel}","templated":true}]}}