{"id":13435,"date":"2020-07-16T19:27:23","date_gmt":"2020-07-16T19:27:23","guid":{"rendered":"https:\/\/www.radiopresidenteibanez.cl\/web\/?p=13435"},"modified":"2020-07-16T19:27:27","modified_gmt":"2020-07-16T19:27:27","slug":"gobernacion-de-magallanes-entrega-ayuda-a-adultos-mayores-de-la-provincia","status":"publish","type":"post","link":"https:\/\/www.radiopresidenteibanez.cl\/web\/gobernacion-de-magallanes-entrega-ayuda-a-adultos-mayores-de-la-provincia\/","title":{"rendered":"GOBERNACI\u00d3N DE MAGALLANES ENTREGA AYUDA A ADULTOS MAYORES DE LA PROVINCIA"},"content":{"rendered":"\n<p>Comenz\u00f3 la\nentrega de ayuda, de la segunda etapa del Plan: \u201cAlimentos para Chile\u201d, que en\nesta oportunidad entregar\u00e1 3 millones de cajas de alimentos a lo largo de todo\nel pa\u00eds, alcanzando las 5.6 millones de canastas familiares en ambos procesos.<\/p>\n\n\n\n<p>La entrega\ncomenz\u00f3 la ma\u00f1ana de este mi\u00e9rcoles, enviando cajas de alimentos para adultos\nmayores de Laguna Blanca y sigui\u00f3 con la distribuci\u00f3n en la junta de vecinos\nN\u00ba8 Playa Norte. El gobernador provincial de Magallanes, Homero\nVillegas, enfatiz\u00f3: \u201ctragimos la ayuda a la JJ.VV. Playa Norte, en virtud de la\nsolicitud de la directiva y tambi\u00e9n, porque ellos a\u00fan no hab\u00edan recibido nada.\nNosotros como gobernaci\u00f3n, vinimos a prestarles apoyo, por medio de la ayuda\nque est\u00e1 prestando el gobierno del Presidente Sebasti\u00e1n Pi\u00f1era\u201d.<\/p>\n\n\n\n<p>La tesorera de\nla JJ.VV. N\u00ba8 Norma Blanc, agradeci\u00f3 la ayuda y destac\u00f3 que \u201clo encuentro muy\nbueno, espectacular para los vecinos, quedaron super contentos, porque es\nbastante la ayuda. Las canastas son bastantes grandes, con sus papas y sus\nharinas, s\u00faper felices al menos\u201d.<\/p>\n\n\n\n<p>Esta nueva\nayuda, contempla \u00fatiles de aseo, aportes prot\u00e9icos y carbohidratos, como:\naceite, arroz, pastas, legumbres, leche, az\u00facar y avena, entre otras\ncosas, a lo que en esta oportunidad se sum\u00f3 una bolsa de 10 kilos de papas, que\nfueron donadas por particulares.<\/p>\n\n\n\n<p>La ayuda se\nseguir\u00e1 entregando durante los pr\u00f3ximos d\u00edas en distintos puntos de la\nprovincia, a distintos actores del tejido social m\u00e1s vulnerable.<\/p>\n","protected":false},"excerpt":{"rendered":"<p>Comenz\u00f3 la entrega de ayuda, de la segunda etapa del Plan: \u201cAlimentos para Chile\u201d, que en esta oportunidad entregar\u00e1 3 millones de cajas de alimentos a lo largo de todo&#8230; <a class=\"read-more\" href=\"https:\/\/www.radiopresidenteibanez.cl\/web\/gobernacion-de-magallanes-entrega-ayuda-a-adultos-mayores-de-la-provincia\/\">Leer m\u00e1s<\/a><\/p>\n","protected":false},"author":2,"featured_media":13436,"comment_status":"closed","ping_status":"closed","sticky":false,"template":"","format":"standard","meta":{"footnotes":""},"categories":[1],"tags":[],"class_list":["post-13435","post","type-post","status-publish","format-standard","has-post-thumbnail","hentry","category-cronica"],"_links":{"self":[{"href":"https:\/\/www.radiopresidenteibanez.cl\/web\/wp-json\/wp\/v2\/posts\/13435","targetHints":{"allow":["GET"]}}],"collection":[{"href":"https:\/\/www.radiopresidenteibanez.cl\/web\/wp-json\/wp\/v2\/posts"}],"about":[{"href":"https:\/\/www.radiopresidenteibanez.cl\/web\/wp-json\/wp\/v2\/types\/post"}],"author":[{"embeddable":true,"href":"https:\/\/www.radiopresidenteibanez.cl\/web\/wp-json\/wp\/v2\/users\/2"}],"replies":[{"embeddable":true,"href":"https:\/\/www.radiopresidenteibanez.cl\/web\/wp-json\/wp\/v2\/comments?post=13435"}],"version-history":[{"count":0,"href":"https:\/\/www.radiopresidenteibanez.cl\/web\/wp-json\/wp\/v2\/posts\/13435\/revisions"}],"wp:featuredmedia":[{"embeddable":true,"href":"https:\/\/www.radiopresidenteibanez.cl\/web\/wp-json\/wp\/v2\/media\/13436"}],"wp:attachment":[{"href":"https:\/\/www.radiopresidenteibanez.cl\/web\/wp-json\/wp\/v2\/media?parent=13435"}],"wp:term":[{"taxonomy":"category","embeddable":true,"href":"https:\/\/www.radiopresidenteibanez.cl\/web\/wp-json\/wp\/v2\/categories?post=13435"},{"taxonomy":"post_tag","embeddable":true,"href":"https:\/\/www.radiopresidenteibanez.cl\/web\/wp-json\/wp\/v2\/tags?post=13435"}],"curies":[{"name":"wp","href":"https:\/\/api.w.org\/{rel}","templated":true}]}}