{"id":13432,"date":"2020-07-16T19:24:27","date_gmt":"2020-07-16T19:24:27","guid":{"rendered":"https:\/\/www.radiopresidenteibanez.cl\/web\/?p=13432"},"modified":"2020-07-16T19:24:31","modified_gmt":"2020-07-16T19:24:31","slug":"sergio-mancilla-caro-a-68-anos-de-su-nacimiento","status":"publish","type":"post","link":"https:\/\/www.radiopresidenteibanez.cl\/web\/sergio-mancilla-caro-a-68-anos-de-su-nacimiento\/","title":{"rendered":"SERGIO MANCILLA CARO, A 68 A\u00d1OS DE SU NACIMIENTO"},"content":{"rendered":"\n<p><em>Por Sergio Reyes, 16 de julio 2020<\/em><\/p>\n\n\n\n<p>Lunes, 16 de julio 1951. Hace 68 a\u00f1os, naci\u00f3 en Punta Arenas Sergio Mancilla Caro. Sus padres, eran puntarenenses con ra\u00edces en Chilo\u00e9. Fue el hijo n\u00famero tres en una familia de cinco. Su padre, paradojas de la vida, era militar y hacia 1973, el a\u00f1o fat\u00eddico del golpe c\u00edvico-militar en Chile, muy de acuerdo con las acciones de su general Augusto Pinochet. Seg\u00fan relat\u00f3 su hermano Roberto, quien nos ayud\u00f3 a escribir la historia desde el \u00e1ngulo familiar, Sergio naci\u00f3 en una casa que arrendaban sus padres en Avenida Independencia, pero vivieron m\u00e1s tiempo en la casa de los abuelos ubicada en Espa\u00f1a esquina Boliviana. Alli existe ahora un sal\u00f3n de belleza.<\/p>\n\n\n\n<p>La familia Mancilla Caro, fue trasladada al menos 10 veces &#8211;record\u00f3 Roberto&#8211; por la exigencias militares de su padre. As\u00ed, entre escuelas en Punta Arenas y en Santiago, fue creciendo y form\u00e1ndose el j\u00f3ven Sergio. En Santiago estudi\u00f3 en primer a\u00f1o de humanidades (ahora 7mo) en un instituto comercial dependiente de la Universidad T\u00e9cnica del Estado. Entre viaje y viaje, tambi\u00e9n estudi\u00f3 en el Instituto Superior de Comercio de Punta Arenas. Pero, fue en Santiago donde empez\u00f3 a interesarse, en medio del ambiente de activismo social, en ideas revolucionarias y socialistas.<\/p>\n\n\n\n<p>En Punta Arenas continu\u00f3 su activismo pol\u00edtico con j\u00f3venes de ideas afines. Pero, no dentro de los dos partidos tradicionales de la izquierda, o sea el Partido Socialista y el Partido Comunista. A esta altura de su vida, en los inicios de los a\u00f1os 1970s, ya era la oveja negra de su conservadora familia. Tanto as\u00ed que opt\u00f3, residiendo sus padres en Santiago, venir a estudiar a la entonces emergente Universidad T\u00e9cnica del Estado en Punta Arenas, en vez de hacer lo que muchos estudiantes magall\u00e1nicos hac\u00edan, irse a estudiar a Santiago, con una variedad de universidades. Una vez en Punta Arenas, tampoco quiso vivir con su extensa familia, sino m\u00e1s bien hacer su propia vida, llegando a residir por alg\u00fan tiempo en la residencia del Ej\u00e9rcito de Salvaci\u00f3n.<\/p>\n\n\n\n<p>Al a\u00f1o del golpe c\u00edvico-militar, Sergio, era estudiante de la c\u00e1tedra de contadores auditores en la Universidad T\u00e9cnia del Estado, y miembro activo del Movimiento Universitario de Izquierda. Viv\u00eda entonces en una casona que ofici\u00f3 de pensionado universitario en la avenida Bulnes, lo que es hoy el Conservatorio de M\u00fasica. All\u00ed lo sorprendi\u00f3 el golpe c\u00edvico-militar, un d\u00eda martes, 11 de septiembre de 1973. En octubre de ese a\u00f1o, Sergio fue tomado prisionero, eventualmente llegando a parar a Isla Dawson. All\u00ed permaneci\u00f3 en la Barraca Alfa, siendo uno de los 16 \u00faltimos prisioneros en permanecer en la isla antes de cerrar el campo de prisioneros. Esto ocurri\u00f3 el 25 de septiembre de 1974.<\/p>\n\n\n\n<p>Estuvo posteriormente en varios campos de prisioneros de Punta Arenas, hasta ser enviado al campo de prisioneros Tres Alamos en Santiago, en 1975. En Septiembre de 1975, sale Sergio junto a un centenar de presos pol\u00edticos rumbo al exilio en Panam\u00e1. All\u00ed empez\u00f3 su vida en el exilio donde desarroll\u00f3, como la mayor\u00eda de los exiliados chilenos, un trabajo solidario de apoyo a las revoluciones en Am\u00e9rica Central, en particular con Nicaragua. En Panam\u00e1 se cas\u00f3, y luego junto a su esposa Vielka Bola\u00f1os y su hijo, Alejando, nacido en 1978, se mudaron a Nicaragua en 1979 luego del triunfo de la revoluci\u00f3n Sandinista.<\/p>\n\n\n\n<p>Un grupo de militantes del Movimiento de Acci\u00f3n Unitaria MAPU, corriente liderada por Oscar Garret\u00f3n, decidieron que ir\u00edan a colaborar con la revoluci\u00f3n salvadore\u00f1a, tanto para contribuir a esta, como para prepararse militarmente para volver a Chile a luchar contra la dictadura. El peque\u00f1o contingente revolucionario chileno contaba con ocho voluntarios, que partieron desde Nicaragua un 27 de julio de 1981. En El Salvador se unen al Frente Farabundo Mart\u00ed para la Liberaci\u00f3n Nacional, FMLN. Todos son incorporados en el frente de Chalatenango. All\u00ed, en lo que los ex combatientes definen como la \u00abguinda\u00bb de Octubre de 1981, cae combatiendo en una emboscada Sergio Mancilla Caro, con el nombre de combate, Horacio. Su cuerpo, o lo que quedaba de el, fue enterrado en alg\u00fan lugar de la monta\u00f1a.<\/p>\n\n\n\n<p>Esta historia la tuvimos que reconstruir luego de intenso estudio, contactos, y testimonios. Todo qued\u00f3 plasmado en un libro denominado \u00abSergio Mancilla \u00abHoracio\u00bbun Guerrillero Internacionalista Austral.\u00bb La verdad es que fue un trabajo necesario porque se empezaba a perder el rastro de su vida. Y lo poco que se sab\u00eda sobre su vida y su muerte eran mitos.<\/p>\n\n\n\n<p>En este d\u00eda 16 de julio, Sergio habr\u00eda cumplido 68 a\u00f1os. Pero hace ya 39 a\u00f1os que Sergio no est\u00e1 con nosotros. Muri\u00f3, luchando, a los 30 a\u00f1os de edad. Solamente hace unos d\u00edas tuvimos tambi\u00e9n la triste noticia de que quien nos ayud\u00f3 a entender su vida de ni\u00f1ez y juventud, su hermano Roberto, falleci\u00f3 el mes de junio recien pasado a la edad de 75 a\u00f1os, v\u00edctima de la enfermedad del c\u00e1ncer.<\/p>\n\n\n\n<p>El libro (2014) de su vida sigue disponible en formato digital (<a href=\"https:\/\/sreyes.org\/sm-libro\/Sergio-Mancilla-Caro-BK00027816.pdf\" rel=\"noreferrer noopener\" target=\"_blank\">https:\/\/sreyes.org\/sm-libro\/Sergio-Mancilla-Caro-BK00027816.pdf<\/a>).\n\n<\/p>\n","protected":false},"excerpt":{"rendered":"<p>Por Sergio Reyes, 16 de julio 2020 Lunes, 16 de julio 1951. Hace 68 a\u00f1os, naci\u00f3 en Punta Arenas Sergio Mancilla Caro. Sus padres, eran puntarenenses con ra\u00edces en Chilo\u00e9&#8230;. <a class=\"read-more\" href=\"https:\/\/www.radiopresidenteibanez.cl\/web\/sergio-mancilla-caro-a-68-anos-de-su-nacimiento\/\">Leer m\u00e1s<\/a><\/p>\n","protected":false},"author":2,"featured_media":13433,"comment_status":"closed","ping_status":"closed","sticky":false,"template":"","format":"standard","meta":{"footnotes":""},"categories":[1],"tags":[],"class_list":["post-13432","post","type-post","status-publish","format-standard","has-post-thumbnail","hentry","category-cronica"],"_links":{"self":[{"href":"https:\/\/www.radiopresidenteibanez.cl\/web\/wp-json\/wp\/v2\/posts\/13432","targetHints":{"allow":["GET"]}}],"collection":[{"href":"https:\/\/www.radiopresidenteibanez.cl\/web\/wp-json\/wp\/v2\/posts"}],"about":[{"href":"https:\/\/www.radiopresidenteibanez.cl\/web\/wp-json\/wp\/v2\/types\/post"}],"author":[{"embeddable":true,"href":"https:\/\/www.radiopresidenteibanez.cl\/web\/wp-json\/wp\/v2\/users\/2"}],"replies":[{"embeddable":true,"href":"https:\/\/www.radiopresidenteibanez.cl\/web\/wp-json\/wp\/v2\/comments?post=13432"}],"version-history":[{"count":0,"href":"https:\/\/www.radiopresidenteibanez.cl\/web\/wp-json\/wp\/v2\/posts\/13432\/revisions"}],"wp:featuredmedia":[{"embeddable":true,"href":"https:\/\/www.radiopresidenteibanez.cl\/web\/wp-json\/wp\/v2\/media\/13433"}],"wp:attachment":[{"href":"https:\/\/www.radiopresidenteibanez.cl\/web\/wp-json\/wp\/v2\/media?parent=13432"}],"wp:term":[{"taxonomy":"category","embeddable":true,"href":"https:\/\/www.radiopresidenteibanez.cl\/web\/wp-json\/wp\/v2\/categories?post=13432"},{"taxonomy":"post_tag","embeddable":true,"href":"https:\/\/www.radiopresidenteibanez.cl\/web\/wp-json\/wp\/v2\/tags?post=13432"}],"curies":[{"name":"wp","href":"https:\/\/api.w.org\/{rel}","templated":true}]}}