{"id":13429,"date":"2020-07-16T19:23:03","date_gmt":"2020-07-16T19:23:03","guid":{"rendered":"https:\/\/www.radiopresidenteibanez.cl\/web\/?p=13429"},"modified":"2020-07-16T19:23:13","modified_gmt":"2020-07-16T19:23:13","slug":"la-pobreza-en-mil-caras-por-rolando-martinez","status":"publish","type":"post","link":"https:\/\/www.radiopresidenteibanez.cl\/web\/la-pobreza-en-mil-caras-por-rolando-martinez\/","title":{"rendered":"LA POBREZA EN MIL CARAS por Rolando Mart\u00ednez"},"content":{"rendered":"\n<p>En esta crisis\nsanitaria el velo del discurso exitista, que \u00e9ramos el \u201cjaguar\u201d de Sudam\u00e9rica,\nha ca\u00eddo estrepitosamente.<\/p>\n\n\n\n<p>Y esa ca\u00edda no solo\ncomenz\u00f3 con el estallido social, cuando miles de chilenos marcharon en las\ncalles por demandas sociales incumplidas, sino que la crisis sanitaria por la\npandemia se encarg\u00f3 de que ese sello se sepultara a\u00fan m\u00e1s.<\/p>\n\n\n\n<p>Claramente m\u00e1s de\nalguien me dir\u00e1 que todas las naciones enfrentan la misma crisis, el mismo\nmomento y no hay econom\u00eda que soporte la avalancha que est\u00e1 dejando el covid 19\nen t\u00e9rminos de cierre de comercio, de industrias y millones de nuevos\ndesempleados.<\/p>\n\n\n\n<p>Pero si nosotros por\na\u00f1os escuchamos el discurso exitista de tener una econom\u00eda saludable, con una\ndeuda externa controlada, el escenario cambia radicalmente con el momento\nactual.<\/p>\n\n\n\n<p>Ya vemos que el\ndesempleo en Chile alcanz\u00f3 en el trimestre m\u00f3vil marzo-abril y mayo, el \u00edndice\nm\u00e1s alto de los \u00faltimos 16 a\u00f1os con un indicador de 11,2% y aunque en la regi\u00f3n\nigual aumentamos a 7%, seguramente en los pr\u00f3ximos trimestres alcanzaremos los\ndos d\u00edgitos.<\/p>\n\n\n\n<p>El n\u00famero de\ndesocupados lleg\u00f3 a 940 mil personas en el pa\u00eds, equivalente a un alza de 244\nmil en relaci\u00f3n al mismo per\u00edodo del a\u00f1o pasado, revel\u00f3 el INE.<\/p>\n\n\n\n<p>El incremento muestra\nadem\u00e1s un alza de 4 puntos porcentuales en relaci\u00f3n a marzo-mayo de 2019.<\/p>\n\n\n\n<p>La directora nacional\ndel Instituto Nacional de Estad\u00edsticas, Sandra Quijada, advirti\u00f3 que es muy\nposible que si persisten las actuales condiciones, se obtengan peores\nindicadores de desempleo en los pr\u00f3ximos meses.<\/p>\n\n\n\n<p>As\u00ed hoy nos\nenfrentamos con una pobreza que est\u00e1 creciendo y que la Cepal ya hab\u00eda\nadvertido, en mayo pasado, que llegar\u00eda a \u00edndices de casi 14%.<\/p>\n\n\n\n<p>Es la pobreza que, lamentablemente,\nest\u00e1 multiplic\u00e1ndose por todos lados y adem\u00e1s est\u00e1 siendo m\u00e1s visible. Quiz\u00e1s\ncu\u00e1ntas familias que, por a\u00f1os han arrastrado esta pobreza, reci\u00e9n ahora\nsienten que el mundo las est\u00e1 viendo como tales y que hasta antes de la\npandemia estaban en el velo del desconocimiento.<\/p>\n\n\n\n<p>Por eso la pobreza hoy\ntiene mil caras tambi\u00e9n en la Regi\u00f3n de Magallanes.<\/p>\n\n\n\n<p>Es la pobreza de\nquienes no tienen qu\u00e9 comer, no tienen como abrigarse, no tienen d\u00f3nde vivir. <\/p>\n\n\n\n<p>Pero tambi\u00e9n est\u00e1 la\npobreza de actuar r\u00e1pido de quienes deben resolver teniendo el poder para\nhacerlo, la falta de debate para aportar, la pobreza en el mundo pol\u00edtico para\ntrabajar de manera unida.<\/p>\n\n\n\n<p>Afortunadamente la\nsolidaridad ayuda a tapar las carencias, las deficiencias. Por m\u00faltiples\ncaminos se est\u00e1n canalizando ayudas y eso es bueno. Lo hemos destacado en otras\nsemanas.<\/p>\n\n\n\n<p>Ojal\u00e1 que esta\nsolidaridad tambi\u00e9n crezca en el mundo de la pol\u00edtica y se trabaje pensando en\nla ciudadan\u00eda, en quienes han demandado por a\u00f1os mejoras sociales y en el caso\nde los parlamentarios act\u00faen pensando en aprobar el 10% de retiro de fondos de\nlas AFP.<\/p>\n\n\n\n<p>Si ello se concreta\nser\u00e1 otra se\u00f1al de solidaridad. Dejar que libremente cada persona pueda elegir\nsi quiere o no sacar un 10% de su ahorro previsional. Es cierto que quiz\u00e1s muchos\nno se beneficiar\u00e1n por esta v\u00eda, dado que tienen pocos ahorros previsionales, o\nquiz\u00e1s llevan a\u00f1os sin imponerse siquiera por el m\u00ednimo.<\/p>\n\n\n\n<p>All\u00ed estar\u00e1 la astucia\ndel gobierno y la pol\u00edtica por pensar en ese otro grupo de personas. Por ahora\nes importante responder a la gran demanda de los chilenos que desde hace m\u00e1s de\ncuatro a\u00f1os han venido marchando por no m\u00e1s afp.<\/p>\n\n\n\n<p>Muchos necesitan\nalguna ayuda econ\u00f3mica y antes que incentivarlos a endeudarse, algo que reciban\nde sus fondos ser\u00e1 beneficioso.<\/p>\n\n\n\n<p>Como digo, la pobreza\ntiene mil caras y vale la pena fijarse en todas y no solo en algunas.<\/p>\n\n\n\n<p>Pero tambi\u00e9n esperar\nque vengan mil oportunidades para quienes hoy enfrentan el dif\u00edcil momento.<\/p>\n","protected":false},"excerpt":{"rendered":"<p>En esta crisis sanitaria el velo del discurso exitista, que \u00e9ramos el \u201cjaguar\u201d de Sudam\u00e9rica, ha ca\u00eddo estrepitosamente. Y esa ca\u00edda no solo comenz\u00f3 con el estallido social, cuando miles&#8230; <a class=\"read-more\" href=\"https:\/\/www.radiopresidenteibanez.cl\/web\/la-pobreza-en-mil-caras-por-rolando-martinez\/\">Leer m\u00e1s<\/a><\/p>\n","protected":false},"author":2,"featured_media":13430,"comment_status":"closed","ping_status":"closed","sticky":false,"template":"","format":"standard","meta":{"footnotes":""},"categories":[1],"tags":[],"class_list":["post-13429","post","type-post","status-publish","format-standard","has-post-thumbnail","hentry","category-cronica"],"_links":{"self":[{"href":"https:\/\/www.radiopresidenteibanez.cl\/web\/wp-json\/wp\/v2\/posts\/13429","targetHints":{"allow":["GET"]}}],"collection":[{"href":"https:\/\/www.radiopresidenteibanez.cl\/web\/wp-json\/wp\/v2\/posts"}],"about":[{"href":"https:\/\/www.radiopresidenteibanez.cl\/web\/wp-json\/wp\/v2\/types\/post"}],"author":[{"embeddable":true,"href":"https:\/\/www.radiopresidenteibanez.cl\/web\/wp-json\/wp\/v2\/users\/2"}],"replies":[{"embeddable":true,"href":"https:\/\/www.radiopresidenteibanez.cl\/web\/wp-json\/wp\/v2\/comments?post=13429"}],"version-history":[{"count":0,"href":"https:\/\/www.radiopresidenteibanez.cl\/web\/wp-json\/wp\/v2\/posts\/13429\/revisions"}],"wp:featuredmedia":[{"embeddable":true,"href":"https:\/\/www.radiopresidenteibanez.cl\/web\/wp-json\/wp\/v2\/media\/13430"}],"wp:attachment":[{"href":"https:\/\/www.radiopresidenteibanez.cl\/web\/wp-json\/wp\/v2\/media?parent=13429"}],"wp:term":[{"taxonomy":"category","embeddable":true,"href":"https:\/\/www.radiopresidenteibanez.cl\/web\/wp-json\/wp\/v2\/categories?post=13429"},{"taxonomy":"post_tag","embeddable":true,"href":"https:\/\/www.radiopresidenteibanez.cl\/web\/wp-json\/wp\/v2\/tags?post=13429"}],"curies":[{"name":"wp","href":"https:\/\/api.w.org\/{rel}","templated":true}]}}