{"id":13426,"date":"2020-07-15T19:28:29","date_gmt":"2020-07-15T19:28:29","guid":{"rendered":"https:\/\/www.radiopresidenteibanez.cl\/web\/?p=13426"},"modified":"2020-07-15T19:28:34","modified_gmt":"2020-07-15T19:28:34","slug":"beneficiarias-de-reactivate-con-sercotec-agradecieron-ayuda-economica-en-tiempos-de-pandemia-sanitaria","status":"publish","type":"post","link":"https:\/\/www.radiopresidenteibanez.cl\/web\/beneficiarias-de-reactivate-con-sercotec-agradecieron-ayuda-economica-en-tiempos-de-pandemia-sanitaria\/","title":{"rendered":"BENEFICIARIAS DE REACT\u00cdVATE CON SERCOTEC AGRADECIERON AYUDA ECON\u00d3MICA EN TIEMPOS DE PANDEMIA SANITARIA"},"content":{"rendered":"\n<p>Producto de la emergencia sanitaria, muchas micro y peque\u00f1as empresas han debido sortear los efectos econ\u00f3micos, es por ello que el gobierno ha entregado diversas herramientas para que puedan tener liquidez y se puedan reinventar. <\/p>\n\n\n\n<p>En ese sentido, Sercotec, organismo dependiente del Ministerio de Econom\u00eda, Fomento y Turismo desarroll\u00f3 el programa \u201cReact\u00edvate con Sercotec\u201d, que entrega un subsidio de hasta 3 millones de pesos, para apoyar a las Mipes con capital de trabajo. <\/p>\n\n\n\n<p>La directora regional de Sercotec, Mar\u00eda Soledad Solo de Zald\u00edvar junto a la seremi de Gobierno, Alejandra Mu\u00f1oz, visitaron a emprendedoras que resultaron beneficiadas en Punta Arenas con este programa de emergencia.<\/p>\n\n\n\n<p>\u201cEn estos momentos dif\u00edciles que est\u00e1n pasando las Pymes, como Sercotec, estamos presentes siempre para cuidarlos y acompa\u00f1arlos. Estamos impulsando todos estos programas de React\u00edvate, porque lo que queremos es que tengan liquidez y puedan salir adelante con sus negocios. Adem\u00e1s les brindamos acompa\u00f1amiento a trav\u00e9s del trabajo que realizamos con los Centros de Negocios, y nos preocupamos de estar con ellos, en terreno, visit\u00e1ndolos, viendo su realidad actual producto de la pandemia, para llegar con una ayuda directa y efectiva para cada uno de ellos\u201d, manifest\u00f3 Solo de Zald\u00edvar. <\/p>\n\n\n\n<p>La emprendedora de \u201cSoole confecciones\u201d, Soledad Pe\u00f1a, dijo sentirse agradecida del aporte que recibi\u00f3 gracias al React\u00edvate con Sercotec. \u201cFue una gran ayuda para reinventarme y as\u00ed poder comprar los materiales para confeccionar las mascarillas, porque ha sido el \u00fanico ingreso que he tenido en este periodo\u201d.<\/p>\n\n\n\n<p>Las beneficiarias coincidieron en que si bien la ayuda puede demorar un poco, es efectivo que llega, y les permite seguir adelante con sus negocios para generar ingresos. <br>\nLa vocera del Gobierno Regional, manifest\u00f3 que \u201csiempre es grato poder escuchar que a trav\u00e9s de las distintas iniciativas del gobierno, hemos ayudado a las familias magall\u00e1nicas, a peque\u00f1os emprendedores que han podido mantener sus negocios, reinventarse y seguir adelante a pesar de lo adverso que ha sido enfrentar la pandemia. Son \u00e9stas instancias las que permiten acercarnos a la comunidad y seguir impulsando diversos programas que nos permiten ir en ayuda de quienes m\u00e1s lo necesitan\u201d.<\/p>\n\n\n\n<p>Adem\u00e1s, la seremi enfatiz\u00f3 que \u201csabemos que debemos seguir trabajando por y para los magall\u00e1nicos y ser\u00e1 una tarea de largo plazo. Por eso, con estrategias responsables podremos llegar a los distintos segmentos sociales de nuestra regi\u00f3n\u201d. <\/p>\n","protected":false},"excerpt":{"rendered":"<p>Producto de la emergencia sanitaria, muchas micro y peque\u00f1as empresas han debido sortear los efectos econ\u00f3micos, es por ello que el gobierno ha entregado diversas herramientas para que puedan tener&#8230; <a class=\"read-more\" href=\"https:\/\/www.radiopresidenteibanez.cl\/web\/beneficiarias-de-reactivate-con-sercotec-agradecieron-ayuda-economica-en-tiempos-de-pandemia-sanitaria\/\">Leer m\u00e1s<\/a><\/p>\n","protected":false},"author":2,"featured_media":13427,"comment_status":"closed","ping_status":"closed","sticky":false,"template":"","format":"standard","meta":{"footnotes":""},"categories":[1],"tags":[],"class_list":["post-13426","post","type-post","status-publish","format-standard","has-post-thumbnail","hentry","category-cronica"],"_links":{"self":[{"href":"https:\/\/www.radiopresidenteibanez.cl\/web\/wp-json\/wp\/v2\/posts\/13426","targetHints":{"allow":["GET"]}}],"collection":[{"href":"https:\/\/www.radiopresidenteibanez.cl\/web\/wp-json\/wp\/v2\/posts"}],"about":[{"href":"https:\/\/www.radiopresidenteibanez.cl\/web\/wp-json\/wp\/v2\/types\/post"}],"author":[{"embeddable":true,"href":"https:\/\/www.radiopresidenteibanez.cl\/web\/wp-json\/wp\/v2\/users\/2"}],"replies":[{"embeddable":true,"href":"https:\/\/www.radiopresidenteibanez.cl\/web\/wp-json\/wp\/v2\/comments?post=13426"}],"version-history":[{"count":0,"href":"https:\/\/www.radiopresidenteibanez.cl\/web\/wp-json\/wp\/v2\/posts\/13426\/revisions"}],"wp:featuredmedia":[{"embeddable":true,"href":"https:\/\/www.radiopresidenteibanez.cl\/web\/wp-json\/wp\/v2\/media\/13427"}],"wp:attachment":[{"href":"https:\/\/www.radiopresidenteibanez.cl\/web\/wp-json\/wp\/v2\/media?parent=13426"}],"wp:term":[{"taxonomy":"category","embeddable":true,"href":"https:\/\/www.radiopresidenteibanez.cl\/web\/wp-json\/wp\/v2\/categories?post=13426"},{"taxonomy":"post_tag","embeddable":true,"href":"https:\/\/www.radiopresidenteibanez.cl\/web\/wp-json\/wp\/v2\/tags?post=13426"}],"curies":[{"name":"wp","href":"https:\/\/api.w.org\/{rel}","templated":true}]}}