{"id":13420,"date":"2020-07-15T13:15:30","date_gmt":"2020-07-15T13:15:30","guid":{"rendered":"https:\/\/www.radiopresidenteibanez.cl\/web\/?p=13420"},"modified":"2020-07-15T13:15:35","modified_gmt":"2020-07-15T13:15:35","slug":"personal-de-la-iva-brigada-aerea-continua-colaborando-en-la-entrega-de-canastas-de-alimentos-junaeb","status":"publish","type":"post","link":"https:\/\/www.radiopresidenteibanez.cl\/web\/personal-de-la-iva-brigada-aerea-continua-colaborando-en-la-entrega-de-canastas-de-alimentos-junaeb\/","title":{"rendered":"PERSONAL DE LA IVa BRIGADA A\u00c9REA CONTIN\u00daA COLABORANDO EN LA ENTREGA DE CANASTAS DE ALIMENTOS JUNAEB"},"content":{"rendered":"\n<p>El martes 14 de julio, personal de la IV<sup>a<\/sup>\nBrigada A\u00e9rea se traslad\u00f3 hasta el jard\u00edn infantil y sala cuna Villa Las\nNieves, dependiente de la Junta Nacional de Jardines Infantiles (Junji), y\nhasta la Escuela Especial Club de Leones Cruz del Sur, para colaborar en una\nnueva jornada de entrega de canastas individuales de alimentos, otorgadas por\nla Junta Nacional de Auxilio Escolar y Becas (Junaeb). <\/p>\n\n\n\n<p>Apoyando a las comunidades educativas en el\nproceso de distribuci\u00f3n, los aviadores militares australes realizaron\ndiferentes labores para resguardar el cumplimiento de las medidas sanitarias,\nvelando por el uso de mascarillas, distanciamiento social, toma de temperatura\ny verificaci\u00f3n de casos positivos o contacto estrecho de Covid-19; junto con\nayudar a las familias.<\/p>\n\n\n\n<p>La directora del jard\u00edn infantil Villa Las\nNieves, Rosita Andrade, destac\u00f3 el importante apoyo que han recibido de parte\nde los integrantes de la IV<sup>a<\/sup> Brigada A\u00e9rea, expresando que \u00abla\ncolaboraci\u00f3n del personal ha sido muy buena para nosotras, por la gran\ndisposici\u00f3n que tienen de apoyarnos en todo, especialmente, a las familias que\nvienen a retirar las canastas\u00bb.<\/p>\n\n\n\n<p>El personal de la IV<sup>a<\/sup> Brigada A\u00e9rea\ncontin\u00faa desplegado en apoyo a las disposiciones sanitarias y a la comunidad\nregional frente a la pandemia de Covid-19, como en este caso, en la entrega de\neste importante beneficio de la Junaeb, destinado a los estudiantes que son\nparte del Programa de Alimentaci\u00f3n Escolar (PAE).<\/p>\n","protected":false},"excerpt":{"rendered":"<p>El martes 14 de julio, personal de la IVa Brigada A\u00e9rea se traslad\u00f3 hasta el jard\u00edn infantil y sala cuna Villa Las Nieves, dependiente de la Junta Nacional de Jardines&#8230; <a class=\"read-more\" href=\"https:\/\/www.radiopresidenteibanez.cl\/web\/personal-de-la-iva-brigada-aerea-continua-colaborando-en-la-entrega-de-canastas-de-alimentos-junaeb\/\">Leer m\u00e1s<\/a><\/p>\n","protected":false},"author":2,"featured_media":13421,"comment_status":"closed","ping_status":"closed","sticky":false,"template":"","format":"standard","meta":{"footnotes":""},"categories":[1],"tags":[],"class_list":["post-13420","post","type-post","status-publish","format-standard","has-post-thumbnail","hentry","category-cronica"],"_links":{"self":[{"href":"https:\/\/www.radiopresidenteibanez.cl\/web\/wp-json\/wp\/v2\/posts\/13420","targetHints":{"allow":["GET"]}}],"collection":[{"href":"https:\/\/www.radiopresidenteibanez.cl\/web\/wp-json\/wp\/v2\/posts"}],"about":[{"href":"https:\/\/www.radiopresidenteibanez.cl\/web\/wp-json\/wp\/v2\/types\/post"}],"author":[{"embeddable":true,"href":"https:\/\/www.radiopresidenteibanez.cl\/web\/wp-json\/wp\/v2\/users\/2"}],"replies":[{"embeddable":true,"href":"https:\/\/www.radiopresidenteibanez.cl\/web\/wp-json\/wp\/v2\/comments?post=13420"}],"version-history":[{"count":0,"href":"https:\/\/www.radiopresidenteibanez.cl\/web\/wp-json\/wp\/v2\/posts\/13420\/revisions"}],"wp:featuredmedia":[{"embeddable":true,"href":"https:\/\/www.radiopresidenteibanez.cl\/web\/wp-json\/wp\/v2\/media\/13421"}],"wp:attachment":[{"href":"https:\/\/www.radiopresidenteibanez.cl\/web\/wp-json\/wp\/v2\/media?parent=13420"}],"wp:term":[{"taxonomy":"category","embeddable":true,"href":"https:\/\/www.radiopresidenteibanez.cl\/web\/wp-json\/wp\/v2\/categories?post=13420"},{"taxonomy":"post_tag","embeddable":true,"href":"https:\/\/www.radiopresidenteibanez.cl\/web\/wp-json\/wp\/v2\/tags?post=13420"}],"curies":[{"name":"wp","href":"https:\/\/api.w.org\/{rel}","templated":true}]}}