{"id":13417,"date":"2020-07-15T13:12:56","date_gmt":"2020-07-15T13:12:56","guid":{"rendered":"https:\/\/www.radiopresidenteibanez.cl\/web\/?p=13417"},"modified":"2020-07-15T13:13:02","modified_gmt":"2020-07-15T13:13:02","slug":"municipio-comienza-nueva-etapa-de-sanitizacion-de-edificios-sociales","status":"publish","type":"post","link":"https:\/\/www.radiopresidenteibanez.cl\/web\/municipio-comienza-nueva-etapa-de-sanitizacion-de-edificios-sociales\/","title":{"rendered":"MUNICIPIO COMIENZA NUEVA ETAPA DE SANITIZACI\u00d3N DE EDIFICIOS SOCIALES"},"content":{"rendered":"\n<p>Con el fin de continuar con el plan de trabajo determinado por la Municipalidad de Punta Arenas, que busca sanitizar diversos espacios p\u00fablicos de la ciudad, este mi\u00e9rcoles 15 de julio comienza una nueva etapa del proceso en 154 edificios sociales emplazados en nuestra comuna.<\/p>\n\n\n\n<p>\u201cComenzamos con el tercer mes consecutivo, una labor que es muy importante en tiempos de pandemia, se trata de la sanitizaci\u00f3n de los distintos espacios p\u00fablicos y edificios sociales que tiene nuestra ciudad\u201d, expres\u00f3 el alcalde Claudio Radonich.<\/p>\n\n\n\n<p>Son 154 lugares en lo que habitan m\u00e1s de 9 mil vecinos de Punta Arenas, y en los que conviven cerca de 3 mil familias, por lo que el municipio local dispuso un plan de trabajo para los meses de abril, mayo y junio, tarea que se extender\u00e1 por los pr\u00f3ximos meses, debido a la contingencia y emergencia sanitaria que vivimos, explic\u00f3 el jefe comunal.<\/p>\n\n\n\n<p>Radonich agreg\u00f3 que \u201cla finalidad es prevenir, no s\u00f3lo en esos lugares, sino que tambi\u00e9n en los 150 kil\u00f3metros de calles y veredas de la comuna que tambi\u00e9n han sido sanitizadas, todo eso gracias a la ayuda y colaboraci\u00f3n de Bomberos, quienes han trabajado incansablemente junto a los funcionarios municipales de la Direcci\u00f3n de Aseo y Ornato, para cumplir con dicha labor\u201d.<\/p>\n\n\n\n<p>Entre los edificios y espacios que ser\u00e1n intervenidos, est\u00e1n Altavista, San Ignacio, Pioneros, Condell, entre otros.<\/p>\n","protected":false},"excerpt":{"rendered":"<p>Con el fin de continuar con el plan de trabajo determinado por la Municipalidad de Punta Arenas, que busca sanitizar diversos espacios p\u00fablicos de la ciudad, este mi\u00e9rcoles 15 de&#8230; <a class=\"read-more\" href=\"https:\/\/www.radiopresidenteibanez.cl\/web\/municipio-comienza-nueva-etapa-de-sanitizacion-de-edificios-sociales\/\">Leer m\u00e1s<\/a><\/p>\n","protected":false},"author":2,"featured_media":13418,"comment_status":"closed","ping_status":"closed","sticky":false,"template":"","format":"standard","meta":{"footnotes":""},"categories":[1],"tags":[],"class_list":["post-13417","post","type-post","status-publish","format-standard","has-post-thumbnail","hentry","category-cronica"],"_links":{"self":[{"href":"https:\/\/www.radiopresidenteibanez.cl\/web\/wp-json\/wp\/v2\/posts\/13417","targetHints":{"allow":["GET"]}}],"collection":[{"href":"https:\/\/www.radiopresidenteibanez.cl\/web\/wp-json\/wp\/v2\/posts"}],"about":[{"href":"https:\/\/www.radiopresidenteibanez.cl\/web\/wp-json\/wp\/v2\/types\/post"}],"author":[{"embeddable":true,"href":"https:\/\/www.radiopresidenteibanez.cl\/web\/wp-json\/wp\/v2\/users\/2"}],"replies":[{"embeddable":true,"href":"https:\/\/www.radiopresidenteibanez.cl\/web\/wp-json\/wp\/v2\/comments?post=13417"}],"version-history":[{"count":0,"href":"https:\/\/www.radiopresidenteibanez.cl\/web\/wp-json\/wp\/v2\/posts\/13417\/revisions"}],"wp:featuredmedia":[{"embeddable":true,"href":"https:\/\/www.radiopresidenteibanez.cl\/web\/wp-json\/wp\/v2\/media\/13418"}],"wp:attachment":[{"href":"https:\/\/www.radiopresidenteibanez.cl\/web\/wp-json\/wp\/v2\/media?parent=13417"}],"wp:term":[{"taxonomy":"category","embeddable":true,"href":"https:\/\/www.radiopresidenteibanez.cl\/web\/wp-json\/wp\/v2\/categories?post=13417"},{"taxonomy":"post_tag","embeddable":true,"href":"https:\/\/www.radiopresidenteibanez.cl\/web\/wp-json\/wp\/v2\/tags?post=13417"}],"curies":[{"name":"wp","href":"https:\/\/api.w.org\/{rel}","templated":true}]}}