{"id":13414,"date":"2020-07-15T13:10:52","date_gmt":"2020-07-15T13:10:52","guid":{"rendered":"https:\/\/www.radiopresidenteibanez.cl\/web\/?p=13414"},"modified":"2020-07-15T13:10:56","modified_gmt":"2020-07-15T13:10:56","slug":"gobernacion-de-magallanes-y-opd-provincial-lanzan-concurso-infantil","status":"publish","type":"post","link":"https:\/\/www.radiopresidenteibanez.cl\/web\/gobernacion-de-magallanes-y-opd-provincial-lanzan-concurso-infantil\/","title":{"rendered":"GOBERNACI\u00d3N DE MAGALLANES Y OPD PROVINCIAL, LANZAN CONCURSO INFANTIL"},"content":{"rendered":"\n<p>En torno a las artes y la\nimaginaci\u00f3n, se desarrollar\u00e1 este a\u00f1o la Fiesta de la Infancia, la qu\u00e9 en esta\noportunidad, ser\u00e1 reemplazada por un gran concurso art\u00edstico, donde las ni\u00f1as y\nni\u00f1os, junto a sus familias, podr\u00e1n demostrar sus destrezas, con la creaci\u00f3n de\nun proyecto, en una amplia gama de categor\u00edas.<\/p>\n\n\n\n<p>El gobernador Homero\nVillegas, resalt\u00f3 que, \u201cindependiente de esta pandemia, que nos ha golpeado tan\nfuerte a todos, los ni\u00f1os son nuestro principal objetivo, sobre todo en la OPD\nque es la Oficina de Protecci\u00f3n de Derechos de ni\u00f1os, ni\u00f1as y adolescente\n(NNA), por lo tanto, se opt\u00f3 por hacer un concurso donde puedan participar\ntodos\u201d. <\/p>\n\n\n\n<p>Para esto, ambas\ninstituciones, har\u00e1n entrega de kits de materiales, que esperan ser un aporte,\npara que los ni\u00f1os puedan elaborar su proyecto. Igualmente, se pueden agregar\ntodo tipo de materiales que tengan en casa, como tambi\u00e9n, elementos reciclados.\nLa t\u00e9cnica es\ntotalmente libre para todas las categor\u00edas. <\/p>\n\n\n\n<p>La coordinadora de la OPD\nprovincial, Daniela Fuentealba, explic\u00f3: \u201ctenemos 700 kit para entregar, a\npartir del lunes 20 de julio, la idea es que los ni\u00f1os reciban distintos\nmateriales, para que puedan confeccionar este proyecto y participar\u201d.<\/p>\n\n\n\n<p>Las categorias son: Familiar\nde 0 a 4 a\u00f1os; Infantil de 5 a 13 a\u00f1os y Juvenil de 14 a 17 a\u00f1os y las\ncategor\u00edas: Arte y Literatura, el soporte es libre para ambas categor\u00edas, en 2D\ny 3D; Ciencia y Tecnolog\u00eda, t\u00e9cnica y soporte son de libre elecci\u00f3n y Exploraci\u00f3n\nAudiovisual,donde se puede presentar un video, que no supere los 5\nminutos de duraci\u00f3n.<\/p>\n\n\n\n<p><strong>Fechas importantes<\/strong><\/p>\n\n\n\n<p><strong>20 al 30 de julio<\/strong>, se iniciar\u00e1 la entrega de\nlos kits, desde las 9:00 a 13:00 hrs y de 14:30 a 17:30, en las dependencias de\nla Gobernaci\u00f3n Provincial de Magallanes ubicado en: Julio Roca #924 y en la OPD\nMagallanes, ubicada en: Junta de gobierno #0225.<\/p>\n\n\n\n<p><strong>12 al 15 de agosto, <\/strong>se recepcionar\u00e1n los\nproyectos en dependencias del CIJUM, ubicado en\nAv. Pdte. Salvador Allende Gossens, a un lado del polideportivo 18 de\nseptiembre. En el caso de los videos para la categor\u00eda de exploraci\u00f3n\naudiovisual, deber\u00e1n ser enviadas al correo: <a href=\"mailto:concursofiestainfancia@gmail.com\">concursofiestainfancia@gmail.com<\/a>.<\/p>\n\n\n\n<p><strong>16 de\nagosto,<\/strong> se entregar\u00e1n los resultados de los\nganadores de las diversas categor\u00edas, donde se premiar\u00e1 a los tres primeros\nlugares de cada una. Los trabajos y sus autores, ser\u00e1n informados por medio de\np\u00e1gina de Facebook de la OPD provincial de Magallanes y de la Gobernaci\u00f3n de\nMagallanes, a trav\u00e9s de una transmisi\u00f3n en vivo para la premiaci\u00f3n y cierre del\nConcurso \u201cFiesta de la infancia 2020\u201d.<\/p>\n\n\n\n<p>Para quienes quieren participar, pero no se\natreven o no tienen una idea clara, en el Facebook de la Gobernaci\u00f3n de\nMagallanes y la OPD Provincial de Magallanes, habr\u00e1n videos tutoriales, donde\nlos servicios p\u00fablicos muestran que se puede hacer con el kit, e invitan a los\nni\u00f1os a usar su imaginaci\u00f3n y los elementos que puedan encontrar en su entorno.<\/p>\n\n\n\n<p>Respecto a las bases, estas se encuentran en la\np\u00e1gina de la gobernaci\u00f3n de Magallanes: <a href=\"http:\/\/www.gobernacionmagallanes.gov.cl\/\">http:\/\/www.gobernacionmagallanes.gov.cl\/<\/a> o pueden ser solicitadas a trav\u00e9s de las redes\nsociales. Los premios ser\u00e1n artefactos tecnol\u00f3gicos, que ayuden a los ni\u00f1os,\nni\u00f1as y adolescentes en sus tareas escolares. En las comunas de R\u00edo Verde, Laguna\nBlanca y San Gregorio, los kits y la informaci\u00f3n se podr\u00e1 retirar a trav\u00e9s de\nlas oficinas municipales de la Direcci\u00f3n de desarrollo comunitario (DIDECO).<\/p>\n","protected":false},"excerpt":{"rendered":"<p>En torno a las artes y la imaginaci\u00f3n, se desarrollar\u00e1 este a\u00f1o la Fiesta de la Infancia, la qu\u00e9 en esta oportunidad, ser\u00e1 reemplazada por un gran concurso art\u00edstico, donde&#8230; <a class=\"read-more\" href=\"https:\/\/www.radiopresidenteibanez.cl\/web\/gobernacion-de-magallanes-y-opd-provincial-lanzan-concurso-infantil\/\">Leer m\u00e1s<\/a><\/p>\n","protected":false},"author":2,"featured_media":13415,"comment_status":"closed","ping_status":"closed","sticky":false,"template":"","format":"standard","meta":{"footnotes":""},"categories":[1],"tags":[],"class_list":["post-13414","post","type-post","status-publish","format-standard","has-post-thumbnail","hentry","category-cronica"],"_links":{"self":[{"href":"https:\/\/www.radiopresidenteibanez.cl\/web\/wp-json\/wp\/v2\/posts\/13414","targetHints":{"allow":["GET"]}}],"collection":[{"href":"https:\/\/www.radiopresidenteibanez.cl\/web\/wp-json\/wp\/v2\/posts"}],"about":[{"href":"https:\/\/www.radiopresidenteibanez.cl\/web\/wp-json\/wp\/v2\/types\/post"}],"author":[{"embeddable":true,"href":"https:\/\/www.radiopresidenteibanez.cl\/web\/wp-json\/wp\/v2\/users\/2"}],"replies":[{"embeddable":true,"href":"https:\/\/www.radiopresidenteibanez.cl\/web\/wp-json\/wp\/v2\/comments?post=13414"}],"version-history":[{"count":0,"href":"https:\/\/www.radiopresidenteibanez.cl\/web\/wp-json\/wp\/v2\/posts\/13414\/revisions"}],"wp:featuredmedia":[{"embeddable":true,"href":"https:\/\/www.radiopresidenteibanez.cl\/web\/wp-json\/wp\/v2\/media\/13415"}],"wp:attachment":[{"href":"https:\/\/www.radiopresidenteibanez.cl\/web\/wp-json\/wp\/v2\/media?parent=13414"}],"wp:term":[{"taxonomy":"category","embeddable":true,"href":"https:\/\/www.radiopresidenteibanez.cl\/web\/wp-json\/wp\/v2\/categories?post=13414"},{"taxonomy":"post_tag","embeddable":true,"href":"https:\/\/www.radiopresidenteibanez.cl\/web\/wp-json\/wp\/v2\/tags?post=13414"}],"curies":[{"name":"wp","href":"https:\/\/api.w.org\/{rel}","templated":true}]}}