{"id":1340,"date":"2019-02-11T16:52:13","date_gmt":"2019-02-11T16:52:13","guid":{"rendered":"http:\/\/www.radiopresidenteibanez.cl\/web\/?p=1340"},"modified":"2019-02-11T17:03:29","modified_gmt":"2019-02-11T17:03:29","slug":"marisol-andrade-alcaldesa-de-porvenir-parece-que-el-gobierno-regional-actual-no-quiere-construir-el-gimnasio-padre-mario-zavattaro","status":"publish","type":"post","link":"https:\/\/www.radiopresidenteibanez.cl\/web\/marisol-andrade-alcaldesa-de-porvenir-parece-que-el-gobierno-regional-actual-no-quiere-construir-el-gimnasio-padre-mario-zavattaro\/","title":{"rendered":"MARISOL ANDRADE, ALCALDESA DE PORVENIR \u201cPARECE QUE EL GOBIERNO REGIONAL ACTUAL NO QUIERE CONSTRUIR EL GIMNASIO PADRE MARIO ZAVATTARO\u201d"},"content":{"rendered":"\n<p>Hace algunos d\u00edas comenz\u00f3 el\ndesarme de los restos del Gimnasio Padre Mario Zavattaro de Porvenir, en la\nocasi\u00f3n conversamos con la alcaldesa de la comuna de Tierra del Fuego, Marisol\nAndrade, para saber cuales son los pasos a seguir luego de la demolici\u00f3n que esta\na cargo de una empresa contratista de la zona.<\/p>\n\n\n\n<p>En la ocasi\u00f3n la primera\nautoridad comunal, Marisol Andrade, expres\u00f3 que \u201cnos han dicho que solo tenemos\n5 mil millones para la construcci\u00f3n del gimnasio, algo tan importante para\nnuestra comunidad, hicimos tres dise\u00f1os porque nos dec\u00edan que era muy caro,\ncambio la administraci\u00f3n y nos fuimos enredando en el camino, lo que siento es\nque no esta la voluntad para hacer esta edificaci\u00f3n, todos se demoran lo m\u00e1s\nque puedan demorarse\u201d.<\/p>\n\n\n\n<p>\u201cla actual intendenta se comprometi\u00f3 a que solucionar\u00edamos este tema, pero nada, cada vez que pregunt\u00f3 o llam\u00f3 al director de infraestructura, nunca me contesta ni me ha devuelto las llamadas, lo que supe hace unos d\u00edas es que estamos en cero, as\u00ed que apenas vuelva a la ciudad comenzar\u00e9 hacer unas llamadas y ya no quiero m\u00e1s voluntad, sino que hechos\u201d, puntualiz\u00f3 Andrade.<\/p>\n\n\n\n<p><\/p>\n\n\n\n<ul class=\"wp-block-gallery columns-3 is-cropped wp-block-gallery-1 is-layout-flex wp-block-gallery-is-layout-flex\"><li class=\"blocks-gallery-item\"><figure><img loading=\"lazy\" decoding=\"async\" width=\"1024\" height=\"498\" src=\"https:\/\/www.radiopresidenteibanez.cl\/web\/wp-content\/uploads\/2019\/02\/IMG-20190211-WA0018-1024x498.jpg\" alt=\"\" data-id=\"1341\" data-link=\"https:\/\/www.radiopresidenteibanez.cl\/web\/?attachment_id=1341\" class=\"wp-image-1341\" srcset=\"https:\/\/www.radiopresidenteibanez.cl\/web\/wp-content\/uploads\/2019\/02\/IMG-20190211-WA0018-1024x498.jpg 1024w, https:\/\/www.radiopresidenteibanez.cl\/web\/wp-content\/uploads\/2019\/02\/IMG-20190211-WA0018-300x146.jpg 300w, https:\/\/www.radiopresidenteibanez.cl\/web\/wp-content\/uploads\/2019\/02\/IMG-20190211-WA0018-768x373.jpg 768w, https:\/\/www.radiopresidenteibanez.cl\/web\/wp-content\/uploads\/2019\/02\/IMG-20190211-WA0018.jpg 1280w\" sizes=\"auto, (max-width: 1024px) 100vw, 1024px\" \/><\/figure><\/li><li class=\"blocks-gallery-item\"><figure><img loading=\"lazy\" decoding=\"async\" width=\"576\" height=\"1024\" src=\"https:\/\/www.radiopresidenteibanez.cl\/web\/wp-content\/uploads\/2019\/02\/IMG-20190211-WA0019-576x1024.jpg\" alt=\"\" data-id=\"1342\" data-link=\"https:\/\/www.radiopresidenteibanez.cl\/web\/?attachment_id=1342\" class=\"wp-image-1342\" srcset=\"https:\/\/www.radiopresidenteibanez.cl\/web\/wp-content\/uploads\/2019\/02\/IMG-20190211-WA0019-576x1024.jpg 576w, https:\/\/www.radiopresidenteibanez.cl\/web\/wp-content\/uploads\/2019\/02\/IMG-20190211-WA0019-169x300.jpg 169w, https:\/\/www.radiopresidenteibanez.cl\/web\/wp-content\/uploads\/2019\/02\/IMG-20190211-WA0019.jpg 720w\" sizes=\"auto, (max-width: 576px) 100vw, 576px\" \/><\/figure><\/li><li class=\"blocks-gallery-item\"><figure><img loading=\"lazy\" decoding=\"async\" width=\"1024\" height=\"576\" src=\"https:\/\/www.radiopresidenteibanez.cl\/web\/wp-content\/uploads\/2019\/02\/IMG-20190211-WA0020-1024x576.jpg\" alt=\"\" data-id=\"1343\" data-link=\"https:\/\/www.radiopresidenteibanez.cl\/web\/?attachment_id=1343\" class=\"wp-image-1343\" srcset=\"https:\/\/www.radiopresidenteibanez.cl\/web\/wp-content\/uploads\/2019\/02\/IMG-20190211-WA0020-1024x576.jpg 1024w, https:\/\/www.radiopresidenteibanez.cl\/web\/wp-content\/uploads\/2019\/02\/IMG-20190211-WA0020-300x169.jpg 300w, https:\/\/www.radiopresidenteibanez.cl\/web\/wp-content\/uploads\/2019\/02\/IMG-20190211-WA0020-768x432.jpg 768w, https:\/\/www.radiopresidenteibanez.cl\/web\/wp-content\/uploads\/2019\/02\/IMG-20190211-WA0020.jpg 1280w\" sizes=\"auto, (max-width: 1024px) 100vw, 1024px\" \/><\/figure><\/li><li class=\"blocks-gallery-item\"><figure><img loading=\"lazy\" decoding=\"async\" width=\"1024\" height=\"768\" src=\"https:\/\/www.radiopresidenteibanez.cl\/web\/wp-content\/uploads\/2019\/02\/IMG-20190211-WA0021-1024x768.jpg\" alt=\"\" data-id=\"1344\" data-link=\"https:\/\/www.radiopresidenteibanez.cl\/web\/?attachment_id=1344\" class=\"wp-image-1344\" srcset=\"https:\/\/www.radiopresidenteibanez.cl\/web\/wp-content\/uploads\/2019\/02\/IMG-20190211-WA0021-1024x768.jpg 1024w, https:\/\/www.radiopresidenteibanez.cl\/web\/wp-content\/uploads\/2019\/02\/IMG-20190211-WA0021-300x225.jpg 300w, https:\/\/www.radiopresidenteibanez.cl\/web\/wp-content\/uploads\/2019\/02\/IMG-20190211-WA0021-768x576.jpg 768w, https:\/\/www.radiopresidenteibanez.cl\/web\/wp-content\/uploads\/2019\/02\/IMG-20190211-WA0021.jpg 1280w\" sizes=\"auto, (max-width: 1024px) 100vw, 1024px\" \/><\/figure><\/li><li class=\"blocks-gallery-item\"><figure><img loading=\"lazy\" decoding=\"async\" width=\"1024\" height=\"768\" src=\"https:\/\/www.radiopresidenteibanez.cl\/web\/wp-content\/uploads\/2019\/02\/IMG-20190211-WA0022-1024x768.jpg\" alt=\"\" data-id=\"1345\" data-link=\"https:\/\/www.radiopresidenteibanez.cl\/web\/?attachment_id=1345\" class=\"wp-image-1345\" srcset=\"https:\/\/www.radiopresidenteibanez.cl\/web\/wp-content\/uploads\/2019\/02\/IMG-20190211-WA0022-1024x768.jpg 1024w, https:\/\/www.radiopresidenteibanez.cl\/web\/wp-content\/uploads\/2019\/02\/IMG-20190211-WA0022-300x225.jpg 300w, https:\/\/www.radiopresidenteibanez.cl\/web\/wp-content\/uploads\/2019\/02\/IMG-20190211-WA0022-768x576.jpg 768w, https:\/\/www.radiopresidenteibanez.cl\/web\/wp-content\/uploads\/2019\/02\/IMG-20190211-WA0022.jpg 1280w\" sizes=\"auto, (max-width: 1024px) 100vw, 1024px\" \/><\/figure><\/li><li class=\"blocks-gallery-item\"><figure><img loading=\"lazy\" decoding=\"async\" width=\"1024\" height=\"768\" src=\"https:\/\/www.radiopresidenteibanez.cl\/web\/wp-content\/uploads\/2019\/02\/IMG-20190211-WA0023-1024x768.jpg\" alt=\"\" data-id=\"1346\" data-link=\"https:\/\/www.radiopresidenteibanez.cl\/web\/?attachment_id=1346\" class=\"wp-image-1346\" srcset=\"https:\/\/www.radiopresidenteibanez.cl\/web\/wp-content\/uploads\/2019\/02\/IMG-20190211-WA0023-1024x768.jpg 1024w, https:\/\/www.radiopresidenteibanez.cl\/web\/wp-content\/uploads\/2019\/02\/IMG-20190211-WA0023-300x225.jpg 300w, https:\/\/www.radiopresidenteibanez.cl\/web\/wp-content\/uploads\/2019\/02\/IMG-20190211-WA0023-768x576.jpg 768w, https:\/\/www.radiopresidenteibanez.cl\/web\/wp-content\/uploads\/2019\/02\/IMG-20190211-WA0023.jpg 1280w\" sizes=\"auto, (max-width: 1024px) 100vw, 1024px\" \/><\/figure><\/li><li class=\"blocks-gallery-item\"><figure><img loading=\"lazy\" decoding=\"async\" width=\"1024\" height=\"768\" src=\"https:\/\/www.radiopresidenteibanez.cl\/web\/wp-content\/uploads\/2019\/02\/IMG-20190211-WA0024-1024x768.jpg\" alt=\"\" data-id=\"1347\" data-link=\"https:\/\/www.radiopresidenteibanez.cl\/web\/?attachment_id=1347\" class=\"wp-image-1347\" srcset=\"https:\/\/www.radiopresidenteibanez.cl\/web\/wp-content\/uploads\/2019\/02\/IMG-20190211-WA0024-1024x768.jpg 1024w, https:\/\/www.radiopresidenteibanez.cl\/web\/wp-content\/uploads\/2019\/02\/IMG-20190211-WA0024-300x225.jpg 300w, https:\/\/www.radiopresidenteibanez.cl\/web\/wp-content\/uploads\/2019\/02\/IMG-20190211-WA0024-768x576.jpg 768w, https:\/\/www.radiopresidenteibanez.cl\/web\/wp-content\/uploads\/2019\/02\/IMG-20190211-WA0024.jpg 1280w\" sizes=\"auto, (max-width: 1024px) 100vw, 1024px\" \/><\/figure><\/li><li class=\"blocks-gallery-item\"><figure><img loading=\"lazy\" decoding=\"async\" width=\"1024\" height=\"768\" src=\"https:\/\/www.radiopresidenteibanez.cl\/web\/wp-content\/uploads\/2019\/02\/IMG-20190211-WA0025-1024x768.jpg\" alt=\"\" data-id=\"1348\" data-link=\"https:\/\/www.radiopresidenteibanez.cl\/web\/?attachment_id=1348\" class=\"wp-image-1348\" srcset=\"https:\/\/www.radiopresidenteibanez.cl\/web\/wp-content\/uploads\/2019\/02\/IMG-20190211-WA0025-1024x768.jpg 1024w, https:\/\/www.radiopresidenteibanez.cl\/web\/wp-content\/uploads\/2019\/02\/IMG-20190211-WA0025-300x225.jpg 300w, https:\/\/www.radiopresidenteibanez.cl\/web\/wp-content\/uploads\/2019\/02\/IMG-20190211-WA0025-768x576.jpg 768w, https:\/\/www.radiopresidenteibanez.cl\/web\/wp-content\/uploads\/2019\/02\/IMG-20190211-WA0025.jpg 1280w\" sizes=\"auto, (max-width: 1024px) 100vw, 1024px\" \/><\/figure><\/li><li class=\"blocks-gallery-item\"><figure><img loading=\"lazy\" decoding=\"async\" width=\"1024\" height=\"576\" src=\"https:\/\/www.radiopresidenteibanez.cl\/web\/wp-content\/uploads\/2019\/02\/IMG-20190211-WA0026-1024x576.jpg\" alt=\"\" data-id=\"1349\" data-link=\"https:\/\/www.radiopresidenteibanez.cl\/web\/?attachment_id=1349\" class=\"wp-image-1349\" srcset=\"https:\/\/www.radiopresidenteibanez.cl\/web\/wp-content\/uploads\/2019\/02\/IMG-20190211-WA0026-1024x576.jpg 1024w, https:\/\/www.radiopresidenteibanez.cl\/web\/wp-content\/uploads\/2019\/02\/IMG-20190211-WA0026-300x169.jpg 300w, https:\/\/www.radiopresidenteibanez.cl\/web\/wp-content\/uploads\/2019\/02\/IMG-20190211-WA0026-768x432.jpg 768w, https:\/\/www.radiopresidenteibanez.cl\/web\/wp-content\/uploads\/2019\/02\/IMG-20190211-WA0026.jpg 1280w\" sizes=\"auto, (max-width: 1024px) 100vw, 1024px\" \/><\/figure><\/li><\/ul>\n","protected":false},"excerpt":{"rendered":"<p>Hace algunos d\u00edas comenz\u00f3 el desarme de los restos del Gimnasio Padre Mario Zavattaro de Porvenir, en la ocasi\u00f3n conversamos con la alcaldesa de la comuna de Tierra del Fuego,&#8230; <a class=\"read-more\" href=\"https:\/\/www.radiopresidenteibanez.cl\/web\/marisol-andrade-alcaldesa-de-porvenir-parece-que-el-gobierno-regional-actual-no-quiere-construir-el-gimnasio-padre-mario-zavattaro\/\">Leer m\u00e1s<\/a><\/p>\n","protected":false},"author":2,"featured_media":1348,"comment_status":"closed","ping_status":"closed","sticky":false,"template":"","format":"standard","meta":{"footnotes":""},"categories":[1,5],"tags":[],"class_list":["post-1340","post","type-post","status-publish","format-standard","has-post-thumbnail","hentry","category-cronica","category-politica"],"_links":{"self":[{"href":"https:\/\/www.radiopresidenteibanez.cl\/web\/wp-json\/wp\/v2\/posts\/1340","targetHints":{"allow":["GET"]}}],"collection":[{"href":"https:\/\/www.radiopresidenteibanez.cl\/web\/wp-json\/wp\/v2\/posts"}],"about":[{"href":"https:\/\/www.radiopresidenteibanez.cl\/web\/wp-json\/wp\/v2\/types\/post"}],"author":[{"embeddable":true,"href":"https:\/\/www.radiopresidenteibanez.cl\/web\/wp-json\/wp\/v2\/users\/2"}],"replies":[{"embeddable":true,"href":"https:\/\/www.radiopresidenteibanez.cl\/web\/wp-json\/wp\/v2\/comments?post=1340"}],"version-history":[{"count":0,"href":"https:\/\/www.radiopresidenteibanez.cl\/web\/wp-json\/wp\/v2\/posts\/1340\/revisions"}],"wp:featuredmedia":[{"embeddable":true,"href":"https:\/\/www.radiopresidenteibanez.cl\/web\/wp-json\/wp\/v2\/media\/1348"}],"wp:attachment":[{"href":"https:\/\/www.radiopresidenteibanez.cl\/web\/wp-json\/wp\/v2\/media?parent=1340"}],"wp:term":[{"taxonomy":"category","embeddable":true,"href":"https:\/\/www.radiopresidenteibanez.cl\/web\/wp-json\/wp\/v2\/categories?post=1340"},{"taxonomy":"post_tag","embeddable":true,"href":"https:\/\/www.radiopresidenteibanez.cl\/web\/wp-json\/wp\/v2\/tags?post=1340"}],"curies":[{"name":"wp","href":"https:\/\/api.w.org\/{rel}","templated":true}]}}