{"id":13399,"date":"2020-07-15T12:55:52","date_gmt":"2020-07-15T12:55:52","guid":{"rendered":"https:\/\/www.radiopresidenteibanez.cl\/web\/?p=13399"},"modified":"2020-07-15T12:55:56","modified_gmt":"2020-07-15T12:55:56","slug":"seremi-del-trabajo-e-isl-lanzan-ciclo-de-capacitaciones-virtuales-gratuitas","status":"publish","type":"post","link":"https:\/\/www.radiopresidenteibanez.cl\/web\/seremi-del-trabajo-e-isl-lanzan-ciclo-de-capacitaciones-virtuales-gratuitas\/","title":{"rendered":"SEREMI DEL TRABAJO E ISL LANZAN CICLO DE CAPACITACIONES VIRTUALES GRATUITAS"},"content":{"rendered":"\n<p>Con el objetivo de entregar una mejor\natenci\u00f3n y cobertura a la comunidad magall\u00e1nica, buscando la seguridad en el\nmarco de la crisis sanitaria, el Instituto de Seguridad Laboral (ISL)\nMagallanes y la Seremi del Trabajo lanzaron un ciclo de capacitaciones en l\u00ednea\ny sin costo que ejecuta el ISL junto a la Otec Cado, para los m\u00e1s de 14 mil\nusuarios de la regi\u00f3n y, en esta oportunidad, tambi\u00e9n abierto a todo p\u00fablico.<\/p>\n\n\n\n<p>Tras el anuncio, la Seremi del\nTrabajo, Victoria Cort\u00e9s Schiattino, expres\u00f3 que \u201cnuevamente, el ISL est\u00e1\ngenerando una importante herramienta de apoyo a las personas, de manera 100%\nvirtual, esta vez, a trav\u00e9s de estos m\u00e1s de 60 capacitaciones que se impartir\u00e1n\nentre los meses de julio y noviembre de este a\u00f1o, cuya inscripci\u00f3n se puede\nrealizar, ya sea enviando un correo electr\u00f3nico, o bien, a trav\u00e9s de las redes sociales\n(Twitter y Facebook) del ISL Magallanes y de la Seremi del Trabajo Magallanes\u201d.<\/p>\n\n\n\n<p>Durante el mes de julio se est\u00e1n\nimpartiendo un total de nueve cursos, tanto para trabajadores adheridos como\npara independientes y personas que se quieran sumar, entre los que se cuentan:\nRiesgos biol\u00f3gicos (por Covid-19), Ergonom\u00eda de trabajo o teletrabajo, Manejo\ndel estr\u00e9s laboral en casa o teletrebajo, \u00bfQu\u00e9 hacer en caso de un accidente en\nteletrabajo?, Manipulaci\u00f3n de alimentos, Claves para enfrentar la crisis en casa\ncon o sin ni\u00f1os, Gesti\u00f3n de riesgos y desastres y Prevenci\u00f3n de indendios.<\/p>\n\n\n\n<p>Sobre esto, el director regional del\nISL Magallanes, Marcelo Trivi\u00f1o, declar\u00f3 que \u201cel ISL busca cumplir con su rol\nde Adminstrador del Seguro de Accidentes y Enfermedades Laborales, a trav\u00e9s de\nherramientas innovadoras. Esta iniciativa se suma a las tareas de modernizaci\u00f3n\ndel servicio, por medio de estos cursos que se realizan por v\u00eda Streaming, a\ntrav\u00e9s de un enlace que compartiremos peri\u00f3dicamente a trav\u00e9s de nuestras redes\nsociales. Ahora, si una persona interesada no alcanza a participar de alg\u00fan\ncurso de su inter\u00e9s, no se preocupe, porque estos se ir\u00e1n repitiendo en el\nresto del semestre, por lo que debe estar atento a nuestras publicaciones\u201d.<\/p>\n\n\n\n<p>Para aquellas personas interesadas en\nparticipar o trabajadores de la empresa a la que pertenece, s\u00f3lo debe\nregistrarse en el link del curso de su inter\u00e9s, el cual puede recibir\nescribiendo un correo a <a href=\"mailto:cursos.isl@ecado.cl\">cursos.isl@ecado.cl<\/a> o ingresando a trav\u00e9s de Facebook\n\u201cISL Magallanes\u201d, Instagram \u201cIsl_Magallanes\u201d o Twiiter @ISLMagallanes, donde se\npublicar\u00e1n diariamente los cursos y sus respectivos link de acceso.<\/p>\n\n\n\n<p>Para cualquier duda o tr\u00e1mite\nadicional a nivel regional, la invitaci\u00f3n es a escribir a trav\u00e9s del correo\nlocal <a href=\"mailto:magallanes@isl.gob.cl\">magallanes@isl.gob.cl<\/a>. <\/p>\n\n\n\n<figure class=\"wp-block-table\"><table class=\"\"><thead><tr><td>\n   <strong>N\u00b0&nbsp;<\/strong>\n   <\/td><td>\n   <strong>Cursos Mes de Julio<\/strong><strong><\/strong>\n   <\/td><td>\n   <strong>D\u00eda<\/strong><strong><\/strong>\n   <\/td><td>\n   <strong>Fecha<\/strong><strong><\/strong>\n   <\/td><td>\n   <strong>Hora<\/strong><strong><\/strong>\n   <\/td><\/tr><\/thead><tbody><tr><td>\n  1\n  <\/td><td>\n  <a href=\"https:\/\/ecado.mx-router-iv.com\/c\/ml1p\/irsyjosn\/q_4uzswyn5e\" target=\"_blank\" rel=\"noreferrer noopener\">Riesgos Biol\u00f3gicos<\/a>\n  <\/td><td>\n  Mi\u00e9rcoles\n  <\/td><td>\n  08-jul\n  <\/td><td>\n  15:30\n  <\/td><\/tr><tr><td>\n  2\n  <\/td><td>\n  <a href=\"https:\/\/ecado.mx-router-iv.com\/c\/ml1p\/irsyjosn\/thm33z4bqb8\" target=\"_blank\" rel=\"noreferrer noopener\">Ergonom\u00eda de Trabajo o Teletrabajo<\/a>\n  <\/td><td>\n  Jueves&nbsp;\n  <\/td><td>\n  09-jul&nbsp;\n  <\/td><td>\n  15:30\n  <\/td><\/tr><tr><td>\n  3\n  <\/td><td>\n  <a href=\"https:\/\/ecado.mx-router-iv.com\/c\/ml1p\/irsyjosn\/hidpb8wd9bc\" target=\"_blank\" rel=\"noreferrer noopener\">Manejo del estr\u00e9s laboral en casa o\n  teletrabajo<\/a>\n  <\/td><td>\n  Viernes\n  <\/td><td>\n  10-jul\n  <\/td><td>\n  15:30\n  <\/td><\/tr><tr><td>\n  4\n  <\/td><td>\n  <a href=\"https:\/\/ecado.mx-router-iv.com\/c\/ml1p\/irsyjosn\/n2spjvs5pzu\" target=\"_blank\" rel=\"noreferrer noopener\">\u00bfQu\u00e9 hacer en caso de un accidente en\n  teletrabajo?<\/a>\n  <\/td><td>\n  Lunes\n  <\/td><td>\n  13-jul&nbsp;\n  <\/td><td>\n  15:30\n  <\/td><\/tr><tr><td>\n  5\n  <\/td><td>\n  <a href=\"https:\/\/ecado.mx-router-iv.com\/c\/ml1p\/irsyjosn\/uqudijfzuws\" target=\"_blank\" rel=\"noreferrer noopener\">Manipulaci\u00f3n de alimentos<\/a>\n  <\/td><td>\n  Martes\n  <\/td><td>\n  14-jul&nbsp;\n  <\/td><td>\n  15:30\n  <\/td><\/tr><tr><td>\n  6\n  <\/td><td>\n  <a href=\"https:\/\/ecado.mx-router-iv.com\/c\/ml1p\/irsyjosn\/djj9mg4ylni\" target=\"_blank\" rel=\"noreferrer noopener\">Riesgos Biol\u00f3gicos<\/a>\n  <\/td><td>\n  Mi\u00e9rcoles\n  <\/td><td>\n  15-jul&nbsp;\n  <\/td><td>\n  15:30\n  <\/td><\/tr><tr><td>\n  7\n  <\/td><td>\n  <a href=\"https:\/\/ecado.mx-router-iv.com\/c\/ml1p\/irsyjosn\/0ytb9adiaxi\" target=\"_blank\" rel=\"noreferrer noopener\">Gesti\u00f3n de riesgos y desastres<\/a>\n  <\/td><td>\n  Viernes\n  <\/td><td>\n  17-jul&nbsp;&nbsp;\n  <\/td><td>\n  15:30\n  <\/td><\/tr><tr><td>\n  8\n  <\/td><td>\n  <a href=\"https:\/\/ecado.mx-router-iv.com\/c\/ml1p\/irsyjosn\/z_t_d3mxdeg\" target=\"_blank\" rel=\"noreferrer noopener\">Claves para enfrentar la crisis en casa\n  con o sin ni\u00f1os<\/a>\n  <\/td><td>\n  &nbsp;Martes\n  <\/td><td>\n  21-jul&nbsp;\n  <\/td><td>\n  15:30\n  <\/td><\/tr><tr><td>\n  9\n  <\/td><td>\n  <a href=\"https:\/\/ecado.mx-router-iv.com\/c\/ml1p\/irsyjosn\/cvqfjxiee8a\" target=\"_blank\" rel=\"noreferrer noopener\">Prevenci\u00f3n de incendio y uso de\n  extintores<\/a>\n  <\/td><td>\n  Mi\u00e9rcoles\n  <\/td><td>\n  22-jul&nbsp;\n  <\/td><td>\n  15:30\n  <\/td><\/tr><\/tbody><\/table><\/figure>\n","protected":false},"excerpt":{"rendered":"<p>Con el objetivo de entregar una mejor atenci\u00f3n y cobertura a la comunidad magall\u00e1nica, buscando la seguridad en el marco de la crisis sanitaria, el Instituto de Seguridad Laboral (ISL)&#8230; <a class=\"read-more\" href=\"https:\/\/www.radiopresidenteibanez.cl\/web\/seremi-del-trabajo-e-isl-lanzan-ciclo-de-capacitaciones-virtuales-gratuitas\/\">Leer m\u00e1s<\/a><\/p>\n","protected":false},"author":2,"featured_media":10712,"comment_status":"closed","ping_status":"closed","sticky":false,"template":"","format":"standard","meta":{"footnotes":""},"categories":[1],"tags":[],"class_list":["post-13399","post","type-post","status-publish","format-standard","has-post-thumbnail","hentry","category-cronica"],"_links":{"self":[{"href":"https:\/\/www.radiopresidenteibanez.cl\/web\/wp-json\/wp\/v2\/posts\/13399","targetHints":{"allow":["GET"]}}],"collection":[{"href":"https:\/\/www.radiopresidenteibanez.cl\/web\/wp-json\/wp\/v2\/posts"}],"about":[{"href":"https:\/\/www.radiopresidenteibanez.cl\/web\/wp-json\/wp\/v2\/types\/post"}],"author":[{"embeddable":true,"href":"https:\/\/www.radiopresidenteibanez.cl\/web\/wp-json\/wp\/v2\/users\/2"}],"replies":[{"embeddable":true,"href":"https:\/\/www.radiopresidenteibanez.cl\/web\/wp-json\/wp\/v2\/comments?post=13399"}],"version-history":[{"count":0,"href":"https:\/\/www.radiopresidenteibanez.cl\/web\/wp-json\/wp\/v2\/posts\/13399\/revisions"}],"wp:featuredmedia":[{"embeddable":true,"href":"https:\/\/www.radiopresidenteibanez.cl\/web\/wp-json\/wp\/v2\/media\/10712"}],"wp:attachment":[{"href":"https:\/\/www.radiopresidenteibanez.cl\/web\/wp-json\/wp\/v2\/media?parent=13399"}],"wp:term":[{"taxonomy":"category","embeddable":true,"href":"https:\/\/www.radiopresidenteibanez.cl\/web\/wp-json\/wp\/v2\/categories?post=13399"},{"taxonomy":"post_tag","embeddable":true,"href":"https:\/\/www.radiopresidenteibanez.cl\/web\/wp-json\/wp\/v2\/tags?post=13399"}],"curies":[{"name":"wp","href":"https:\/\/api.w.org\/{rel}","templated":true}]}}