{"id":13396,"date":"2020-07-15T12:51:34","date_gmt":"2020-07-15T12:51:34","guid":{"rendered":"https:\/\/www.radiopresidenteibanez.cl\/web\/?p=13396"},"modified":"2020-07-15T12:51:38","modified_gmt":"2020-07-15T12:51:38","slug":"sag-realiza-vigilancia-de-enfermedades-animales-en-el-ultimo-confin-de-la-tierra","status":"publish","type":"post","link":"https:\/\/www.radiopresidenteibanez.cl\/web\/sag-realiza-vigilancia-de-enfermedades-animales-en-el-ultimo-confin-de-la-tierra\/","title":{"rendered":"SAG REALIZA VIGILANCIA DE ENFERMEDADES ANIMALES EN EL \u00daLTIMO CONF\u00cdN DE LA TIERRA"},"content":{"rendered":"\n<p>En el marco del programa de vigilancia de enfermedades ex\u00f3ticas que realiza el Servicio Agr\u00edcola y Ganadero en todo el pa\u00eds, fueron inspeccionados 52 ovinos de propiedad del productor Amador Zapata quien vive junto a sus animales en la lejana Caleta Eugenia, distante 25 km de la localidad de Puerto Williams las cuales fueron revisadas por el m\u00e9dico veterinario, y Jefe de la oficina provincial SAG Ant\u00e1rtica Chilena.<\/p>\n\n\n\n<p>La visita abarco diversos aspectos de la producci\u00f3n ganadera, como orientar al productor para la actualizaci\u00f3n de la Declaraci\u00f3n de Existencia Animal (DEA), la revisi\u00f3n de presencia de ectopar\u00e1sitos y la toma de muestras serol\u00f3gicas (de sangre) para descartar la presencia de enfermedades como maedi visna, y otras con potencial zoon\u00f3tico, como fiebre Q&nbsp; y aborto enzo\u00f3tico.<\/p>\n\n\n\n<p>En este sentido, Victor Moreno Ancamil, presidente de la Agrupaci\u00f3n de Ganaderos de Puerto Williams, comenta que si bien la ganader\u00eda de la isla a\u00fan se encuentra en una etapa incipiente, \u201cse est\u00e1 haciendo un trabajo interesante con los crotales de los animales para el tema de trazabilidad animal y se est\u00e1n tomando muestras permanentes de sangre para ver que nuestro ganado no tenga ning\u00fan tipo de enfermedad\u201d.<\/p>\n\n\n\n<p>Julio G\u00f3mez Alister, encargado regional de protecci\u00f3n pecuaria de SAG Magallanes, se\u00f1ala que una de las enfermedades animales respecto de la que SAG est\u00e1 preocupado a nivel regional, es la brucelosis bovina. \u201cDesde que en el a\u00f1o 2003, Magallanes se convirti\u00f3 en la primera regi\u00f3n de Chile declarada libre, hemos trabajado fuertemente para mantener esta condici\u00f3n, realizando monitoreos en predios, y tomando muestras serol\u00f3gicas al 100% de los bovinos susceptibles que llegan a los mataderos de la regi\u00f3n\u201d. Es as\u00ed, que durante el a\u00f1o 2019 se tomaron m\u00e1s de 10 mil muestras para brucelosis bovina, enfermedad que afecta tambi\u00e9n a los humanos y que en el ganado, tiene importantes consecuencias econ\u00f3micas, ya que provoca abortos y afecta la reproducci\u00f3n.<\/p>\n\n\n\n<p>Otra enfermedad en que se encuentra trabajando el SAG es la tuberculosis bovina, zoonosis que puede&nbsp;contagiarse al humano al consumir leche cruda procedente de vacas enfermas&nbsp;(leche no pasteurizada), que presenta grandes avances en su erradicaci\u00f3n a nivel regional.<\/p>\n\n\n\n<p>Al respecto, el m\u00e9dico veterinario y director de SAG Magallanes, Gerardo Otzen Martinic, es enf\u00e1tico en se\u00f1alar que para erradicar esta patolog\u00eda, presente en s\u00f3lo 13 predios de la regi\u00f3n, es importante contar con la colaboraci\u00f3n de los productores. \u201cGracias al trabajo de campo sistem\u00e1tico que han realizado nuestros funcionarios efectuando pruebas de campo y al apoyo de los M\u00e9dicos Veterinarios Autorizados (MVA), durante el 2019 levantamos las restricciones a cinco predios que se encontraban cuarentenados por esta patolog\u00eda, lo que da cuenta de la importancia de trabajar mancomunadamente entre p\u00fablicos y privados\u201d.<\/p>\n\n\n\n<p>Es por ello que el llamado de la autoridad apunta a \u201cque los ganaderos productores de bovinos se comprometan activamente con el programa de erradicaci\u00f3n, el que traer\u00e1 indudables beneficios para la comercializaci\u00f3n de su ganado permitiendo por ejemplo el acceso al mercado chino, de manera que es necesario, &nbsp;clasificar los predios para determinar su estatus sanitario respecto de la enfermedad, lo que &nbsp;permitir\u00e1 aplicar las medidas necesarias para contener y en el corto tiempo erradicar esta patolog\u00eda de nuestra regi\u00f3n\u201d, puntualiz\u00f3 Otzen.<\/p>\n\n\n\n<p>Para consultas o mayor informaci\u00f3n, escr\u00edbanos al correo&nbsp;<a href=\"mailto:contacto.magallanes@sag.gob.cl\" target=\"_blank\" rel=\"noreferrer noopener\">contacto.magallanes@sag.gob.cl<\/a><\/p>\n","protected":false},"excerpt":{"rendered":"<p>En el marco del programa de vigilancia de enfermedades ex\u00f3ticas que realiza el Servicio Agr\u00edcola y Ganadero en todo el pa\u00eds, fueron inspeccionados 52 ovinos de propiedad del productor Amador&#8230; <a class=\"read-more\" href=\"https:\/\/www.radiopresidenteibanez.cl\/web\/sag-realiza-vigilancia-de-enfermedades-animales-en-el-ultimo-confin-de-la-tierra\/\">Leer m\u00e1s<\/a><\/p>\n","protected":false},"author":2,"featured_media":13397,"comment_status":"closed","ping_status":"closed","sticky":false,"template":"","format":"standard","meta":{"footnotes":""},"categories":[1],"tags":[],"class_list":["post-13396","post","type-post","status-publish","format-standard","has-post-thumbnail","hentry","category-cronica"],"_links":{"self":[{"href":"https:\/\/www.radiopresidenteibanez.cl\/web\/wp-json\/wp\/v2\/posts\/13396","targetHints":{"allow":["GET"]}}],"collection":[{"href":"https:\/\/www.radiopresidenteibanez.cl\/web\/wp-json\/wp\/v2\/posts"}],"about":[{"href":"https:\/\/www.radiopresidenteibanez.cl\/web\/wp-json\/wp\/v2\/types\/post"}],"author":[{"embeddable":true,"href":"https:\/\/www.radiopresidenteibanez.cl\/web\/wp-json\/wp\/v2\/users\/2"}],"replies":[{"embeddable":true,"href":"https:\/\/www.radiopresidenteibanez.cl\/web\/wp-json\/wp\/v2\/comments?post=13396"}],"version-history":[{"count":0,"href":"https:\/\/www.radiopresidenteibanez.cl\/web\/wp-json\/wp\/v2\/posts\/13396\/revisions"}],"wp:featuredmedia":[{"embeddable":true,"href":"https:\/\/www.radiopresidenteibanez.cl\/web\/wp-json\/wp\/v2\/media\/13397"}],"wp:attachment":[{"href":"https:\/\/www.radiopresidenteibanez.cl\/web\/wp-json\/wp\/v2\/media?parent=13396"}],"wp:term":[{"taxonomy":"category","embeddable":true,"href":"https:\/\/www.radiopresidenteibanez.cl\/web\/wp-json\/wp\/v2\/categories?post=13396"},{"taxonomy":"post_tag","embeddable":true,"href":"https:\/\/www.radiopresidenteibanez.cl\/web\/wp-json\/wp\/v2\/tags?post=13396"}],"curies":[{"name":"wp","href":"https:\/\/api.w.org\/{rel}","templated":true}]}}