{"id":13393,"date":"2020-07-15T12:49:32","date_gmt":"2020-07-15T12:49:32","guid":{"rendered":"https:\/\/www.radiopresidenteibanez.cl\/web\/?p=13393"},"modified":"2020-07-15T12:49:38","modified_gmt":"2020-07-15T12:49:38","slug":"con-exito-finalizo-la-campana-de-vacunacion-escolar-2020-en-puerto-natales","status":"publish","type":"post","link":"https:\/\/www.radiopresidenteibanez.cl\/web\/con-exito-finalizo-la-campana-de-vacunacion-escolar-2020-en-puerto-natales\/","title":{"rendered":"CON \u00c9XITO FINALIZ\u00d3 LA CAMPA\u00d1A DE VACUNACI\u00d3N ESCOLAR 2020 EN PUERTO NATALES"},"content":{"rendered":"\n<p>Como una forma\nde prevenir y reforzar la salud de los ni\u00f1os de la comuna, la Ilustre\nMunicipalidad de Natales en coordinaci\u00f3n con la Corporaci\u00f3n Municipal de Salud\ny Menores, finaliz\u00f3 la campa\u00f1a de &nbsp;\u201cVacunaci\u00f3n\nEscolar 2020\u201d, &nbsp;que estuvo dirigida a la\npoblaci\u00f3n escolar de primero, cuarto, quinto y octavo b\u00e1sico. &nbsp;<\/p>\n\n\n\n<p>La m\u00e1xima\nautoridad comunal, Fernando Paredes Mansilla, recalc\u00f3 la buena ejecuci\u00f3n de la\ncampa\u00f1a y se\u00f1al\u00f3 que &nbsp;\u201cel proceso de\nvacunaci\u00f3n fue muy positivo, yo hablar\u00eda de un \u00e9xito, se atendieron m\u00e1s de\n1.200 alumnos tanto del sistema municipal como de la ense\u00f1anza particular\nsubvencionada, en 4 d\u00edas se logr\u00f3 vacunar a 1.271 personas que es la cifra\nexacta\u201d.<\/p>\n\n\n\n<p>El trabajo\nprofesional estuvo a cargo de 11 funcionarios del Centro de Salud Familiar \u201cDr.\nJuan Lozic P\u00e9rez\u201d, entre ellos 8 t\u00e9cnicos m\u00e9dicos, 2 enfermeros y 1 asistente\nsocial, quienes suministraron m\u00e1s de 1.200 vacunas preventivas contra la\ndifteria, t\u00e9tanos, tos compulsiva y papiloma humano. <\/p>\n\n\n\n<p>El proceso de\ninmunizaci\u00f3n benefici\u00f3 a alumnos de 7 establecimientos educacionales de Puerto\nNatales. En cuanto a las escuelas rurales, se coordin\u00f3 con las postas de cada\nsector para hacer efectivo el proceso de vacunaci\u00f3n a los alumnos de los\nniveles beneficiados. <\/p>\n\n\n\n<p>Adem\u00e1s, el\nalcalde de Natales entreg\u00f3 detalles del trabajo que se hizo debido a la\ncontingencia sanitaria que afronta el pa\u00eds, inform\u00f3 que \u201cdesde el punto de\nvista de salud p\u00fablica, es cumplir con una norma sanitaria que se hace todos\nlos a\u00f1os, s\u00f3lo que este a\u00f1o los colegios no est\u00e1n funcionando y se hizo de\nmanera distinta. Hubo que hacer un proceso especial en el gimnasio Jos\u00e9 Miguel\nCarrera y en 4 d\u00edas se logr\u00f3 llevar a cabo sin mayor dificultad. Hoy podemos\ncelebrar que nuestros alumnos est\u00e1n protegidos\u201d. <\/p>\n\n\n\n<p>Finalmente,\nlas autoridades comunales y directivos del CESFAM \u201cDr. Juan Lozic P\u00e9rez\u201d\nquedaron conforme con la convocatoria de ni\u00f1os inoculados equivalente al 91,3% de\nlos niveles beneficiados por la campa\u00f1a de vacunaci\u00f3n escolar 2020. <\/p>\n","protected":false},"excerpt":{"rendered":"<p>Como una forma de prevenir y reforzar la salud de los ni\u00f1os de la comuna, la Ilustre Municipalidad de Natales en coordinaci\u00f3n con la Corporaci\u00f3n Municipal de Salud y Menores,&#8230; <a class=\"read-more\" href=\"https:\/\/www.radiopresidenteibanez.cl\/web\/con-exito-finalizo-la-campana-de-vacunacion-escolar-2020-en-puerto-natales\/\">Leer m\u00e1s<\/a><\/p>\n","protected":false},"author":2,"featured_media":13394,"comment_status":"closed","ping_status":"closed","sticky":false,"template":"","format":"standard","meta":{"footnotes":""},"categories":[1],"tags":[],"class_list":["post-13393","post","type-post","status-publish","format-standard","has-post-thumbnail","hentry","category-cronica"],"_links":{"self":[{"href":"https:\/\/www.radiopresidenteibanez.cl\/web\/wp-json\/wp\/v2\/posts\/13393","targetHints":{"allow":["GET"]}}],"collection":[{"href":"https:\/\/www.radiopresidenteibanez.cl\/web\/wp-json\/wp\/v2\/posts"}],"about":[{"href":"https:\/\/www.radiopresidenteibanez.cl\/web\/wp-json\/wp\/v2\/types\/post"}],"author":[{"embeddable":true,"href":"https:\/\/www.radiopresidenteibanez.cl\/web\/wp-json\/wp\/v2\/users\/2"}],"replies":[{"embeddable":true,"href":"https:\/\/www.radiopresidenteibanez.cl\/web\/wp-json\/wp\/v2\/comments?post=13393"}],"version-history":[{"count":0,"href":"https:\/\/www.radiopresidenteibanez.cl\/web\/wp-json\/wp\/v2\/posts\/13393\/revisions"}],"wp:featuredmedia":[{"embeddable":true,"href":"https:\/\/www.radiopresidenteibanez.cl\/web\/wp-json\/wp\/v2\/media\/13394"}],"wp:attachment":[{"href":"https:\/\/www.radiopresidenteibanez.cl\/web\/wp-json\/wp\/v2\/media?parent=13393"}],"wp:term":[{"taxonomy":"category","embeddable":true,"href":"https:\/\/www.radiopresidenteibanez.cl\/web\/wp-json\/wp\/v2\/categories?post=13393"},{"taxonomy":"post_tag","embeddable":true,"href":"https:\/\/www.radiopresidenteibanez.cl\/web\/wp-json\/wp\/v2\/tags?post=13393"}],"curies":[{"name":"wp","href":"https:\/\/api.w.org\/{rel}","templated":true}]}}