{"id":13388,"date":"2020-07-14T17:14:05","date_gmt":"2020-07-14T17:14:05","guid":{"rendered":"https:\/\/www.radiopresidenteibanez.cl\/web\/?p=13388"},"modified":"2020-07-14T17:14:09","modified_gmt":"2020-07-14T17:14:09","slug":"orientadoras-un-importante-vinculo-entre-el-usuario-y-sus-familias","status":"publish","type":"post","link":"https:\/\/www.radiopresidenteibanez.cl\/web\/orientadoras-un-importante-vinculo-entre-el-usuario-y-sus-familias\/","title":{"rendered":"ORIENTADORAS, UN IMPORTANTE V\u00cdNCULO ENTRE EL USUARIO Y SUS FAMILIAS"},"content":{"rendered":"\n<p>Este 14 de\njulio se celebra el d\u00eda del&nbsp; Orientadora,\nimportante y fundamental labor que nace hace diecis\u00e9is &nbsp;a\u00f1os en el ex Hospital Regional,&nbsp; donde fue implementado de forma pionera en la\nred de salud p\u00fablica. <\/p>\n\n\n\n<p>Las\norientadoras son mucho&nbsp; m\u00e1s que informar\ny coordinar, son un servicio social que conecta a los usuarios HCM&nbsp; con sus familias y el plantel cl\u00ednico. Son 17\nmujeres las que &nbsp;ejercen esta importante\nlabor en los pisos de hospitalizaci\u00f3n, urgencia,&nbsp; some y entrada principal. &nbsp;Ellas son&nbsp;\nlas encargadas de acompa\u00f1ar de forma constante al usuario y sus familias\ncomo una forma de paliar la dif\u00edcil situaci\u00f3n que est\u00e1n pasando.&nbsp; Son&nbsp; la\ncara visible de la ayuda y orientaci\u00f3n que HCM&nbsp;\nquiere entregar&nbsp; la comunidad.<\/p>\n\n\n\n<p>Al\nrespecto el Director Ricardo Contreras se\u00f1al\u00f3 que: \u201cLas orientadoras son muy\nrelevantes al momento de contener, informar y acompa\u00f1ar a nuestros usuarios y\nsus familias; quiero agradecer todo el apoyo desde el lado humano que realizan.\nSon la cara visible en muchos aspectos y durante esta pandemia han estado\npresente acompa\u00f1ando y siendo un gran aporte para nuestro hospital\u201d. <\/p>\n\n\n\n<p>En\ntanto el subdirector de operaciones HCM, Luis Leiva reconoci\u00f3 el compromiso de\nlas orientadoras recalcando que esta funci\u00f3n creada en HCM ha sido replicada en\ndiversos hospitales de nuestro pa\u00eds, \u201cQuisimos entregar un servicio m\u00e1s all\u00e1 de\nla informaci\u00f3n, que es la orientaci\u00f3n basado en uno de los principales valores\nde HCM que es la compasi\u00f3n. Ellas atienden familias en momentos dif\u00edciles\u201d. <\/p>\n","protected":false},"excerpt":{"rendered":"<p>Este 14 de julio se celebra el d\u00eda del&nbsp; Orientadora, importante y fundamental labor que nace hace diecis\u00e9is &nbsp;a\u00f1os en el ex Hospital Regional,&nbsp; donde fue implementado de forma pionera&#8230; <a class=\"read-more\" href=\"https:\/\/www.radiopresidenteibanez.cl\/web\/orientadoras-un-importante-vinculo-entre-el-usuario-y-sus-familias\/\">Leer m\u00e1s<\/a><\/p>\n","protected":false},"author":2,"featured_media":13389,"comment_status":"closed","ping_status":"closed","sticky":false,"template":"","format":"standard","meta":{"footnotes":""},"categories":[1],"tags":[],"class_list":["post-13388","post","type-post","status-publish","format-standard","has-post-thumbnail","hentry","category-cronica"],"_links":{"self":[{"href":"https:\/\/www.radiopresidenteibanez.cl\/web\/wp-json\/wp\/v2\/posts\/13388","targetHints":{"allow":["GET"]}}],"collection":[{"href":"https:\/\/www.radiopresidenteibanez.cl\/web\/wp-json\/wp\/v2\/posts"}],"about":[{"href":"https:\/\/www.radiopresidenteibanez.cl\/web\/wp-json\/wp\/v2\/types\/post"}],"author":[{"embeddable":true,"href":"https:\/\/www.radiopresidenteibanez.cl\/web\/wp-json\/wp\/v2\/users\/2"}],"replies":[{"embeddable":true,"href":"https:\/\/www.radiopresidenteibanez.cl\/web\/wp-json\/wp\/v2\/comments?post=13388"}],"version-history":[{"count":0,"href":"https:\/\/www.radiopresidenteibanez.cl\/web\/wp-json\/wp\/v2\/posts\/13388\/revisions"}],"wp:featuredmedia":[{"embeddable":true,"href":"https:\/\/www.radiopresidenteibanez.cl\/web\/wp-json\/wp\/v2\/media\/13389"}],"wp:attachment":[{"href":"https:\/\/www.radiopresidenteibanez.cl\/web\/wp-json\/wp\/v2\/media?parent=13388"}],"wp:term":[{"taxonomy":"category","embeddable":true,"href":"https:\/\/www.radiopresidenteibanez.cl\/web\/wp-json\/wp\/v2\/categories?post=13388"},{"taxonomy":"post_tag","embeddable":true,"href":"https:\/\/www.radiopresidenteibanez.cl\/web\/wp-json\/wp\/v2\/tags?post=13388"}],"curies":[{"name":"wp","href":"https:\/\/api.w.org\/{rel}","templated":true}]}}