{"id":13386,"date":"2020-07-14T17:11:41","date_gmt":"2020-07-14T17:11:41","guid":{"rendered":"https:\/\/www.radiopresidenteibanez.cl\/web\/?p=13386"},"modified":"2020-07-14T17:11:46","modified_gmt":"2020-07-14T17:11:46","slug":"colegio-de-profesores-se-refiere-a-reunion-sostenida-con-directivas-comunales","status":"publish","type":"post","link":"https:\/\/www.radiopresidenteibanez.cl\/web\/colegio-de-profesores-se-refiere-a-reunion-sostenida-con-directivas-comunales\/","title":{"rendered":"COLEGIO DE PROFESORES SE REFIERE A REUNI\u00d3N SOSTENIDA CON DIRECTIVAS COMUNALES"},"content":{"rendered":"\n<p>El directorio regional del Colegio de\nprofesores de Magallanes, en conjunto con las directivas comunales y\nprovinciales, informa&nbsp; a la comunidad,\nque en reuni\u00f3n sostenida con fecha 10 de julio, con todas las directivas\npresentes, llegamos a las siguientes conclusiones y acuerdos:<\/p>\n\n\n\n<ol class=\"wp-block-list\"><li>Desde el inicio de la pandemia\n     por el covid-19,&nbsp; el 16 de marzo del\n     2020, los profesores hemos mantenido funcionando y hemos cofinanciado la\n     educaci\u00f3n en este pa\u00eds y esta regi\u00f3n,&nbsp;\n     es por esto que desde el comienzo de este proceso, &nbsp;nos pusimos al servicio de la educaci\u00f3n,\n     sin embargo la falta de conectividad efectiva, el aislamiento en los\n     sectores rurales, y la creciente falta de recursos de las familias que\n     impiden oportunidades reales, para que nuestros estudiantes, tengan acceso\n     efectivo a esta nueva forma de educaci\u00f3n, son&nbsp; problemas de los que a diario somos\n     testigos, los docentes de las comunidades escolares. Es necesario aclarar\n     como es de p\u00fablico conocimiento, que los profesores y profesoras, hemos\n     utilizado nuestros propios recursos, y estamos financiando con nuestro\n     sueldo gran parte del costo que ha involucrado la implementaci\u00f3n de la\n     tecnolog\u00eda y materiales, necesarios para que nuestros estudiantes, puedan\n     acceder al tan preciado derecho a la educaci\u00f3n,&nbsp; ante la descarada ausencia del estado. <\/li><li>Como ha venido ocurriendo, desde hace muchos a\u00f1os al\n     implementar pol\u00edticas educativas y al instalar procesos en educaci\u00f3n, los\n     profesores y profesoras, nuevamente no han sido convocados para discutir\n     la forma de abordar las posibles soluciones a las problem\u00e1ticas que se\n     presentan hoy, frente a esta nueva crisis y a la necesidad de una\n     respuesta pedag\u00f3gica para abordar la educaci\u00f3n en pandemia, con todas las\n     dificultades y desaf\u00edos que esto implica. El gobierno y sus\n     administraciones locales han tomado decisiones antojadizas y unilaterales,\n     sin considerar, a docentes, padres y apoderados, quienes formamos, la\n     columna vertebral de las comunidades educativas. Hemos manifestado&nbsp; permanentemente que los&nbsp; Profesores y profesoras buscamos contribuir\n     en estos procesos con una mirada constructiva y en beneficio de nuestros\n     estudiantes y sus familias, de manera propositiva, sin embargo son\n     las&nbsp; autoridades de turno la que no\n     han estado a la altura de las actuales circunstancias. <\/li><li>Hemos puesto\n     toda nuestra disposici\u00f3n al servicio de la educaci\u00f3n de nuestros\n     estudiantes y sus familias, reinventando la forma de llegar a los hogares\n     en esta nueva condici\u00f3n, desde el primer momento&nbsp; y aun cuando no hab\u00eda ning\u00fan lineamiento,&nbsp; realizamos actividades con el fin de\n     acercar los aprendizajes. Estas&nbsp; que\n     en un principio fueron de car\u00e1cter voluntario, debido a la falta de\n     lineamientos claros y oportunos, sumado al desconocimiento de la realidad\n     de los hogares del pa\u00eds y la tard\u00eda toma de decisiones desde el nivel\n     central,&nbsp; fueron complejizando los\n     procesos para realizarlas. Esto sin duda ha ido desgastando la moral y\n     salud de nuestros compa\u00f1eros de labor, de nuestros estudiantes y sus\n     familias, que se ven expuestos a largas jornadas de trabajo frente al\n     computador. En el caso de los docentes, esto ha significado una carga\n     burocr\u00e1tica adicional,&nbsp; que en nada\n     contribuye a los aprendizajes de sus estudiantes. <\/li><li>Denunciamos que en&nbsp; la regi\u00f3n, seguimos sufriendo menoscabo\n     econ\u00f3mico, en algunas comunas incluso para pagar deudas de los municipios\n     como es el caso de Puerto Natales, recurren a disminuir o descontar parte\n     de las remuneraciones de nuestros colegas, para cubrir sus compromisos\n     financieros, adem\u00e1s seguimos recibiendo de parte de nuestros empleadores\n     una falta de compromiso y respeto con nuestro trabajo, hay sostenedores en\n     la regi\u00f3n, que siguen&nbsp; manteniendo\n     deudas previsionales, de salud, seguros y de cr\u00e9ditos de consumo,\n     situaci\u00f3n que se agrava en este momento de pandemia, donde la salud,\n     previsi\u00f3n y seguro se vuelven un bien necesario frente a esta crisis\n     sanitaria.<\/li><li>Exigimos que el Estado asuma su\n     rol fundamental de garante de la educaci\u00f3n, ya que han pasado, varios\n     meses y vemos como este ha hecho un&nbsp;\n     notable abandono de sus deberes hacia las familias que presentan\n     mayores carencias y ha desligado nuevamente su responsabilidad, en los\n     docentes, argumentando y apelando en forma desleal al esp\u00edritu de vocaci\u00f3n\n     y compromiso de las y los profesores y profesoras. Exigimos adem\u00e1s\n     claridad sobre los procesos futuros que se llevaran a cabo y no la\n     ambig\u00fcedad que hasta aqu\u00ed se ha mostrado, ya que tanto los docentes y las\n     familias magall\u00e1nicas necesitamos certezas, para evitar que este sea un\n     nuevo foco de incertidumbre en esta tan grave situaci\u00f3n a la que nos vemos\n     sometidos por la pandemia.<\/li><li>Finalmente, queremos dejar claro\n     que los docentes formaremos un frente com\u00fan en donde no permitiremos que\n     ninguna comuna o provincia se vea vulnerada por sus empleadores y que\n     actuaremos en bloque frente a cualquier menoscabo a nuestra profesi\u00f3n, que\n     se pretenda llevar adelante en cualquier rinc\u00f3n de nuestra basta y lejana\n     regi\u00f3n. <\/li><\/ol>\n\n\n\n<p><strong>\u201cHasta que la dignidad se\nhaga costumbre\u201d<\/strong><\/p>\n\n\n\n<p><strong>Colegio Regional de Profesoras y Profesores A.G.\nMagallanes y Ant\u00e1rtica Chilena.<\/strong><\/p>\n\n\n\n<p><strong>Colegio Comunal de Profesoras y Profesores A.G.\nPunta Arenas.<\/strong><\/p>\n\n\n\n<p><strong>Colegio Provincial de Profesoras y Profesores\nA.G. \u00daltima Esperanza.<\/strong><\/p>\n\n\n\n<p><strong>Colegio Provincial de Profesoras y Profesores\nA.G. Tierra del Fuego.<\/strong><\/p>\n\n\n\n<p><strong>Colegio Provincial de Profesoras y Profesores\nA.G. Ant\u00e1rtica Chilena. <\/strong><\/p>\n","protected":false},"excerpt":{"rendered":"<p>El directorio regional del Colegio de profesores de Magallanes, en conjunto con las directivas comunales y provinciales, informa&nbsp; a la comunidad, que en reuni\u00f3n sostenida con fecha 10 de julio,&#8230; <a class=\"read-more\" href=\"https:\/\/www.radiopresidenteibanez.cl\/web\/colegio-de-profesores-se-refiere-a-reunion-sostenida-con-directivas-comunales\/\">Leer m\u00e1s<\/a><\/p>\n","protected":false},"author":2,"featured_media":7737,"comment_status":"closed","ping_status":"closed","sticky":false,"template":"","format":"standard","meta":{"footnotes":""},"categories":[1],"tags":[],"class_list":["post-13386","post","type-post","status-publish","format-standard","has-post-thumbnail","hentry","category-cronica"],"_links":{"self":[{"href":"https:\/\/www.radiopresidenteibanez.cl\/web\/wp-json\/wp\/v2\/posts\/13386","targetHints":{"allow":["GET"]}}],"collection":[{"href":"https:\/\/www.radiopresidenteibanez.cl\/web\/wp-json\/wp\/v2\/posts"}],"about":[{"href":"https:\/\/www.radiopresidenteibanez.cl\/web\/wp-json\/wp\/v2\/types\/post"}],"author":[{"embeddable":true,"href":"https:\/\/www.radiopresidenteibanez.cl\/web\/wp-json\/wp\/v2\/users\/2"}],"replies":[{"embeddable":true,"href":"https:\/\/www.radiopresidenteibanez.cl\/web\/wp-json\/wp\/v2\/comments?post=13386"}],"version-history":[{"count":0,"href":"https:\/\/www.radiopresidenteibanez.cl\/web\/wp-json\/wp\/v2\/posts\/13386\/revisions"}],"wp:featuredmedia":[{"embeddable":true,"href":"https:\/\/www.radiopresidenteibanez.cl\/web\/wp-json\/wp\/v2\/media\/7737"}],"wp:attachment":[{"href":"https:\/\/www.radiopresidenteibanez.cl\/web\/wp-json\/wp\/v2\/media?parent=13386"}],"wp:term":[{"taxonomy":"category","embeddable":true,"href":"https:\/\/www.radiopresidenteibanez.cl\/web\/wp-json\/wp\/v2\/categories?post=13386"},{"taxonomy":"post_tag","embeddable":true,"href":"https:\/\/www.radiopresidenteibanez.cl\/web\/wp-json\/wp\/v2\/tags?post=13386"}],"curies":[{"name":"wp","href":"https:\/\/api.w.org\/{rel}","templated":true}]}}