{"id":13376,"date":"2020-07-14T14:31:48","date_gmt":"2020-07-14T14:31:48","guid":{"rendered":"https:\/\/www.radiopresidenteibanez.cl\/web\/?p=13376"},"modified":"2020-07-14T14:31:52","modified_gmt":"2020-07-14T14:31:52","slug":"alcalde-nadie-quiere-cortar-los-arboles-de-la-plaza-pero-debemos-ser-responsables","status":"publish","type":"post","link":"https:\/\/www.radiopresidenteibanez.cl\/web\/alcalde-nadie-quiere-cortar-los-arboles-de-la-plaza-pero-debemos-ser-responsables\/","title":{"rendered":"ALCALDE: \u00abNADIE QUIERE CORTAR LOS \u00c1RBOLES DE LA PLAZA, PERO DEBEMOS SER RESPONSABLES\u201d"},"content":{"rendered":"\n<p>Con la premisa de que nadie es partidario de cortar los \u00e1rboles de la Plaza, se desarroll\u00f3 una sesi\u00f3n extraordinaria del Concejo Municipal, en la cual se expusieron los antecedentes y se contextualiz\u00f3 lo que hoy acontece en torno al tema.<\/p>\n\n\n\n<p>Actualmente, rige una ordenanza que manifiesta que cuando existe riesgo o peligro inminente, es necesario talar, afirmaci\u00f3n que forma parte de las responsabilidades del Municipio y que tiene relaci\u00f3n directa con el futuro de 4 \u00e1rboles ubicados en la Plaza de Armas, los que presentan un da\u00f1o irreparable.<\/p>\n\n\n\n<p>En ese sentido, el alcalde Claudio Radonich explic\u00f3 que \u201choy estos \u00e1rboles tienen aproximadamente 117 a\u00f1os, y no olvidemos que en noviembre del 2018 hubo tres heridos producto de la ca\u00edda de un \u00e1rbol en la Plaza, luego de una racha de 93 kil\u00f3metros de viento, lo que produjo que se desprendiera un gancho de este centenario esp\u00e9cimen\u201d.<\/p>\n\n\n\n<p>De igual forma, aclar\u00f3 que \u201cen ese entonces y acto seguido, se instruy\u00f3 la realizaci\u00f3n de un estudio que arroj\u00f3 diversos resultados y que fue conocido por el Concejo Municipal en su momento, por tanto, no es responsabilidad alcaldicia que no se hayan pronunciado en dicha ocasi\u00f3n, ya que hace dos a\u00f1os atr\u00e1s la misma informaci\u00f3n estuvo a disposici\u00f3n\u201d.<\/p>\n\n\n\n<p>Asimismo, y con el fin de aclarar dudas y poder escuchar a los profesionales a cargo del estudio mandatado por el municipio, participaron Valentina Salinas, ingeniera forestal e ingeniera agr\u00f3noma de la Pontificia Universidad Cat\u00f3lica de Chile y Esteban Arancibia, Ingeniero Forestal de la misma casa de estudios, los que detallaron parte del Esc\u00e1ner Tomogr\u00e1fico desarrollado en el a\u00f1o 2018 en nuestra comuna.<\/p>\n\n\n\n<p>Entre las intervenciones que tuvieron, Valentina Salinas, expuso que \u201clos \u00e1rboles presentan ciclos de vida igual que todos los seres vivos, lo que var\u00eda seg\u00fan especies y las condiciones en las que se encuentran\u201d.<\/p>\n\n\n\n<p>Esto fue complementado por Esteban Arancibia, quien dijo que \u201clos factores de estr\u00e9s urbano m\u00e1s frecuentes que afectan los \u00e1rboles, son las obras viales, accidentes automovil\u00edsticos, compactaci\u00f3n del suelo, vibraciones, contaminaci\u00f3n, etc\u00e9tera, los que pueden generar pudriciones y amenazar la sobrevivencia de los \u00e1rboles, y pueden volverse peligrosos para las personas.\u201d.<\/p>\n\n\n\n<p>Luego de eso, la primera autoridad comunal reiter\u00f3 su preocupaci\u00f3n ya que \u201csi se cae el \u00e1rbol, la responsabilidad ser\u00e1 nuestra, porque el da\u00f1o puede ser mayor. Entre el corte inmediato o en el corto plazo, seguimos con un riesgo latente, sobre todo con 5 ejemplares ubicados en la Plaza de Armas de nuestra ciudad, especialmente, el \u00e1rbol gemelo al que se cay\u00f3 en el mes de noviembre del a\u00f1o 2018\u201d.<\/p>\n\n\n\n<p>En cuanto a los tiempos, Radonich aclar\u00f3 que \u201cno pudimos concretar antes lo establecido en el estudio, porque ten\u00edamos en carpeta el proyecto de remodelaci\u00f3n y mejoramiento de la Plaza de Armas, por lo que en ese contexto se deb\u00edan hacer esos cambios\u201d.<\/p>\n\n\n\n<p>Finalmente, y como medida adicional en la planificaci\u00f3n, existen ejemplares en el vivero municipal para poder trasplantar los que se retiren o talen, pero de igual manera, se acordar\u00e1n acciones complementarias en una nueva reuni\u00f3n con diversos actores vinculados al tema en cuesti\u00f3n.<\/p>\n","protected":false},"excerpt":{"rendered":"<p>Con la premisa de que nadie es partidario de cortar los \u00e1rboles de la Plaza, se desarroll\u00f3 una sesi\u00f3n extraordinaria del Concejo Municipal, en la cual se expusieron los antecedentes&#8230; <a class=\"read-more\" href=\"https:\/\/www.radiopresidenteibanez.cl\/web\/alcalde-nadie-quiere-cortar-los-arboles-de-la-plaza-pero-debemos-ser-responsables\/\">Leer m\u00e1s<\/a><\/p>\n","protected":false},"author":2,"featured_media":13377,"comment_status":"closed","ping_status":"closed","sticky":false,"template":"","format":"standard","meta":{"footnotes":""},"categories":[1],"tags":[],"class_list":["post-13376","post","type-post","status-publish","format-standard","has-post-thumbnail","hentry","category-cronica"],"_links":{"self":[{"href":"https:\/\/www.radiopresidenteibanez.cl\/web\/wp-json\/wp\/v2\/posts\/13376","targetHints":{"allow":["GET"]}}],"collection":[{"href":"https:\/\/www.radiopresidenteibanez.cl\/web\/wp-json\/wp\/v2\/posts"}],"about":[{"href":"https:\/\/www.radiopresidenteibanez.cl\/web\/wp-json\/wp\/v2\/types\/post"}],"author":[{"embeddable":true,"href":"https:\/\/www.radiopresidenteibanez.cl\/web\/wp-json\/wp\/v2\/users\/2"}],"replies":[{"embeddable":true,"href":"https:\/\/www.radiopresidenteibanez.cl\/web\/wp-json\/wp\/v2\/comments?post=13376"}],"version-history":[{"count":0,"href":"https:\/\/www.radiopresidenteibanez.cl\/web\/wp-json\/wp\/v2\/posts\/13376\/revisions"}],"wp:featuredmedia":[{"embeddable":true,"href":"https:\/\/www.radiopresidenteibanez.cl\/web\/wp-json\/wp\/v2\/media\/13377"}],"wp:attachment":[{"href":"https:\/\/www.radiopresidenteibanez.cl\/web\/wp-json\/wp\/v2\/media?parent=13376"}],"wp:term":[{"taxonomy":"category","embeddable":true,"href":"https:\/\/www.radiopresidenteibanez.cl\/web\/wp-json\/wp\/v2\/categories?post=13376"},{"taxonomy":"post_tag","embeddable":true,"href":"https:\/\/www.radiopresidenteibanez.cl\/web\/wp-json\/wp\/v2\/tags?post=13376"}],"curies":[{"name":"wp","href":"https:\/\/api.w.org\/{rel}","templated":true}]}}