{"id":13373,"date":"2020-07-14T14:29:03","date_gmt":"2020-07-14T14:29:03","guid":{"rendered":"https:\/\/www.radiopresidenteibanez.cl\/web\/?p=13373"},"modified":"2020-07-14T14:29:06","modified_gmt":"2020-07-14T14:29:06","slug":"municipio-se-refiere-al-plan-de-vacunacion-que-se-encuentra-realizando-la-autoridad-de-salud","status":"publish","type":"post","link":"https:\/\/www.radiopresidenteibanez.cl\/web\/municipio-se-refiere-al-plan-de-vacunacion-que-se-encuentra-realizando-la-autoridad-de-salud\/","title":{"rendered":"MUNICIPIO SE REFIERE AL PLAN DE VACUNACI\u00d3N QUE SE ENCUENTRA REALIZANDO LA AUTORIDAD DE SALUD"},"content":{"rendered":"\n<p>Luego de diversas consultas, publicaciones y la difusi\u00f3n de informaci\u00f3n err\u00f3nea, debemos aclarar que el proceso de vacunaci\u00f3n desarrollado durante esta jornada en el&nbsp;Centro Interactivo de Juegos y Movimiento&nbsp;de Punta Arenas, es de exclusiva y \u00fanica responsabilidad de la Secretar\u00eda Regional Ministerial de Salud Magallanes.<\/p>\n\n\n\n<p>Desde la Municipalidad de Punta Arenas, lamentamos lo ocurrido y esperamos que los problemas puedan ser subsanados cuanto antes por parte de quien corresponda.<\/p>\n\n\n\n<p>De igual manera, desde el \u00c1rea de Salud de la Corporaci\u00f3n Municipal se tom\u00f3 contacto con las autoridades pertinentes, para informar que ponemos a disposici\u00f3n nuestros establecimientos educacionales para concretar el proceso, sin obtener respuesta oficial&nbsp; hasta el momento.<\/p>\n","protected":false},"excerpt":{"rendered":"<p>Luego de diversas consultas, publicaciones y la difusi\u00f3n de informaci\u00f3n err\u00f3nea, debemos aclarar que el proceso de vacunaci\u00f3n desarrollado durante esta jornada en el&nbsp;Centro Interactivo de Juegos y Movimiento&nbsp;de Punta&#8230; <a class=\"read-more\" href=\"https:\/\/www.radiopresidenteibanez.cl\/web\/municipio-se-refiere-al-plan-de-vacunacion-que-se-encuentra-realizando-la-autoridad-de-salud\/\">Leer m\u00e1s<\/a><\/p>\n","protected":false},"author":2,"featured_media":13374,"comment_status":"closed","ping_status":"closed","sticky":false,"template":"","format":"standard","meta":{"footnotes":""},"categories":[1],"tags":[],"class_list":["post-13373","post","type-post","status-publish","format-standard","has-post-thumbnail","hentry","category-cronica"],"_links":{"self":[{"href":"https:\/\/www.radiopresidenteibanez.cl\/web\/wp-json\/wp\/v2\/posts\/13373","targetHints":{"allow":["GET"]}}],"collection":[{"href":"https:\/\/www.radiopresidenteibanez.cl\/web\/wp-json\/wp\/v2\/posts"}],"about":[{"href":"https:\/\/www.radiopresidenteibanez.cl\/web\/wp-json\/wp\/v2\/types\/post"}],"author":[{"embeddable":true,"href":"https:\/\/www.radiopresidenteibanez.cl\/web\/wp-json\/wp\/v2\/users\/2"}],"replies":[{"embeddable":true,"href":"https:\/\/www.radiopresidenteibanez.cl\/web\/wp-json\/wp\/v2\/comments?post=13373"}],"version-history":[{"count":0,"href":"https:\/\/www.radiopresidenteibanez.cl\/web\/wp-json\/wp\/v2\/posts\/13373\/revisions"}],"wp:featuredmedia":[{"embeddable":true,"href":"https:\/\/www.radiopresidenteibanez.cl\/web\/wp-json\/wp\/v2\/media\/13374"}],"wp:attachment":[{"href":"https:\/\/www.radiopresidenteibanez.cl\/web\/wp-json\/wp\/v2\/media?parent=13373"}],"wp:term":[{"taxonomy":"category","embeddable":true,"href":"https:\/\/www.radiopresidenteibanez.cl\/web\/wp-json\/wp\/v2\/categories?post=13373"},{"taxonomy":"post_tag","embeddable":true,"href":"https:\/\/www.radiopresidenteibanez.cl\/web\/wp-json\/wp\/v2\/tags?post=13373"}],"curies":[{"name":"wp","href":"https:\/\/api.w.org\/{rel}","templated":true}]}}