{"id":13370,"date":"2020-07-14T13:32:13","date_gmt":"2020-07-14T13:32:13","guid":{"rendered":"https:\/\/www.radiopresidenteibanez.cl\/web\/?p=13370"},"modified":"2020-07-14T13:32:16","modified_gmt":"2020-07-14T13:32:16","slug":"carta-al-director-eduardo-manzanares","status":"publish","type":"post","link":"https:\/\/www.radiopresidenteibanez.cl\/web\/carta-al-director-eduardo-manzanares\/","title":{"rendered":"CARTA AL DIRECTOR: EDUARDO MANZANARES"},"content":{"rendered":"\n<p>Se\u00f1or\nDirector.<\/p>\n\n\n\n<p>De mi\nconsideraci\u00f3n<\/p>\n\n\n\n<p>Cualquiera que sea el resultado de la votaci\u00f3n\nen la C\u00e1mara de Senadores&nbsp; que definir\u00e1\nel futuro del retiro del 10 % de los fondos de las AFP por parte de la\nciudadan\u00eda, el gobierno actual y la derecha que lo sostiene precariamente,\nhabr\u00e1n recibido la derrota pol\u00edtica m\u00e1s profunda y grave de la que se tenga\nnoticia en los \u00faltimos a\u00f1os desde la recuperaci\u00f3n de la democracia.&nbsp; Si con motivo de la presi\u00f3n brutal del\ngobierno y de muchos&nbsp; medios noticiosos\nque bailan al ritmo de los intereses econ\u00f3micos que se nutren de los dineros de\nlos trabajadores,- empozados forzosamente en las AFP-, no se logra sumar el\nnecesario&nbsp; par de votos&nbsp; que necesita la oposici\u00f3n para aprobar esta\nsentida demanda de los y las trabajadoras de Chile, aun as\u00ed,&nbsp; perdiendo la opci\u00f3n opositora, la derecha\nhabr\u00e1 sido rotundamente derrotada, pues el resultado de su mezquindad y ceguera\npol\u00edtica, junto al&nbsp; descr\u00e9dito que ya es\nmayoritario para ellos,&nbsp; impactar\u00e1 directamente\nen sus futuras opciones electorales y de gobernanza.&nbsp; Si por el contrario, triunfa la opci\u00f3n\nimpulsada por la inmensa mayor\u00eda de los ciudadanos y ciudadanas de trabajo y\nrecogida por la oposici\u00f3n en el parlamento, la derrota del gobierno&nbsp; ser\u00e1 may\u00fascula y representar\u00e1 el quiebre\ndefinitivo de la alianza de gobierno, mal denominada Chile vamos, porque en\ndefinitiva no llev\u00f3 a Chile a ning\u00fan lugar de mayor progreso y desarrollo como\nhab\u00edan prometido en su<\/p>\n\n\n\n<p>slogan,&nbsp;\n\u201cel gobierno de los mejores\u201d. La falta de pol\u00edticas claras de car\u00e1cter\nsanitario durante la pandemia, la tardanza y peor a\u00fan, la falta de empat\u00eda y\nsensibilidad ante la cat\u00e1strofe social que acarrearon sus determinaciones, y la\nfalta de credibilidad de sus autoridades empezando por la del presidente, le\nhabr\u00e1n generado un costo alt\u00edsimo e imposible de recuperar, por muchas cajas de\nalimento que salgan nuevamente a repartir.&nbsp;&nbsp;&nbsp;\nCon todo, esta singular situaci\u00f3n pol\u00edtica, representa un desaf\u00edo mayor\npara una oposici\u00f3n fragmentada y carente de&nbsp;\nproyectos e ideas nuevas, y de liderazgos reconocibles que susciten\napoyo mayoritario en el pueblo de Chile,&nbsp;\npor lo menos hasta ahora.&nbsp; Y\nser\u00e1&nbsp; por lo mismo tarea principal de las\ny los actuales l\u00edderes opositores, acompa\u00f1ar y caminar junto al pueblo para\ncambiar la pesada carga de una constituci\u00f3n de origen ileg\u00edtimo y que subroga a\nla naci\u00f3n a los caprichos del mercado. Solo despu\u00e9s de<\/p>\n\n\n\n<p>eso, se podr\u00e1 con nuevos rostros y nuevos\nbr\u00edos caminar unidos para reinstalar las ideas democr\u00e1ticas&nbsp; y de solidaridad e igualdad social, econ\u00f3mica\ny pol\u00edtica que muchos deseamos. Pesada tarea pero necesaria e insustituible,\ntanto para las viejas como para las nuevas generaciones que deber\u00e1n hacerse\ncargo a su vez,-sin olvidar la historia-, de una nueva \u00e9poca,&nbsp; desconocida y desafiante.<\/p>\n\n\n\n<p>Eduardo Manzanares\nCastesc Comit\u00e9 Central \u2013 Magallanes Partido Socialista de Chile.<\/p>\n","protected":false},"excerpt":{"rendered":"<p>Se\u00f1or Director. De mi consideraci\u00f3n Cualquiera que sea el resultado de la votaci\u00f3n en la C\u00e1mara de Senadores&nbsp; que definir\u00e1 el futuro del retiro del 10 % de los fondos&#8230; <a class=\"read-more\" href=\"https:\/\/www.radiopresidenteibanez.cl\/web\/carta-al-director-eduardo-manzanares\/\">Leer m\u00e1s<\/a><\/p>\n","protected":false},"author":2,"featured_media":11818,"comment_status":"closed","ping_status":"closed","sticky":false,"template":"","format":"standard","meta":{"footnotes":""},"categories":[1],"tags":[],"class_list":["post-13370","post","type-post","status-publish","format-standard","has-post-thumbnail","hentry","category-cronica"],"_links":{"self":[{"href":"https:\/\/www.radiopresidenteibanez.cl\/web\/wp-json\/wp\/v2\/posts\/13370","targetHints":{"allow":["GET"]}}],"collection":[{"href":"https:\/\/www.radiopresidenteibanez.cl\/web\/wp-json\/wp\/v2\/posts"}],"about":[{"href":"https:\/\/www.radiopresidenteibanez.cl\/web\/wp-json\/wp\/v2\/types\/post"}],"author":[{"embeddable":true,"href":"https:\/\/www.radiopresidenteibanez.cl\/web\/wp-json\/wp\/v2\/users\/2"}],"replies":[{"embeddable":true,"href":"https:\/\/www.radiopresidenteibanez.cl\/web\/wp-json\/wp\/v2\/comments?post=13370"}],"version-history":[{"count":0,"href":"https:\/\/www.radiopresidenteibanez.cl\/web\/wp-json\/wp\/v2\/posts\/13370\/revisions"}],"wp:featuredmedia":[{"embeddable":true,"href":"https:\/\/www.radiopresidenteibanez.cl\/web\/wp-json\/wp\/v2\/media\/11818"}],"wp:attachment":[{"href":"https:\/\/www.radiopresidenteibanez.cl\/web\/wp-json\/wp\/v2\/media?parent=13370"}],"wp:term":[{"taxonomy":"category","embeddable":true,"href":"https:\/\/www.radiopresidenteibanez.cl\/web\/wp-json\/wp\/v2\/categories?post=13370"},{"taxonomy":"post_tag","embeddable":true,"href":"https:\/\/www.radiopresidenteibanez.cl\/web\/wp-json\/wp\/v2\/tags?post=13370"}],"curies":[{"name":"wp","href":"https:\/\/api.w.org\/{rel}","templated":true}]}}