{"id":13366,"date":"2020-07-14T13:26:52","date_gmt":"2020-07-14T13:26:52","guid":{"rendered":"https:\/\/www.radiopresidenteibanez.cl\/web\/?p=13366"},"modified":"2020-07-14T13:26:56","modified_gmt":"2020-07-14T13:26:56","slug":"amumag-presenta-propuestas-al-intendente-de-magallanes-para-efectuar-la-segunda-entrega-de-alimentos-en-la-region","status":"publish","type":"post","link":"https:\/\/www.radiopresidenteibanez.cl\/web\/amumag-presenta-propuestas-al-intendente-de-magallanes-para-efectuar-la-segunda-entrega-de-alimentos-en-la-region\/","title":{"rendered":"AMUMAG PRESENTA PROPUESTAS AL INTENDENTE DE MAGALLANES PARA EFECTUAR LA SEGUNDA ENTREGA DE ALIMENTOS EN LA REGI\u00d3N"},"content":{"rendered":"\n<p>Tras conocerse el anuncio de la segunda entrega de\nalimentos para chile, el alcalde de Natales y presidente de la Asociaci\u00f3nRegional de Municipalidades de\nMagallanes (AMUMAG), envi\u00f3 a la Intendencia una propuesta para el proceso de\nentrega de canastas a las familias m\u00e1s vulnerables de Magallanes.<\/p>\n\n\n\n<p>La propuesta fue enviada mediante un oficio dirigido\nal propio Intendente de Magallanes, la cual se\u00f1ala que como alcaldes de la\nregi\u00f3n proponen entregar el monto de la canasta de manera directa a los\nbeneficiados o en su defecto, entregar una TARJETA, con prohibici\u00f3n de compra\nde alcohol y cigarrillos, para que sean los beneficiarios quienes compren lo\nque realmente necesiten.<\/p>\n\n\n\n<p>El presidente de AMUMAG, Fernando Paredes Mansilla,\nplante\u00f3 la posici\u00f3n de la Asociaci\u00f3n frente a esta segunda entrega. \u201cQueremos\nplantear simplemente al Intendente Regional la posibilidad de que se eval\u00faen\ndos alternativas, atendiendo a la situaci\u00f3n geogr\u00e1fica y la situaci\u00f3n especial\nde la regi\u00f3n de Magallanes. Estas canastas de alimentos se pueden transformar\nen un aporte directo, precisamente el equivalente de su monto para todas las\nfamilias\u201d.<\/p>\n\n\n\n<p>Adem\u00e1s, el edil de Natales, se\u00f1al\u00f3 que hay un esquema\nadministrativo que est\u00e1 operando en la entrega de aportes. \u201cEl sistema ha\ndemostrado que perfectamente se puede hacer un aporte directamente a las\nfamilias que han recibido las canastas en el primer proceso, y en este segundo\nproceso se reemplace esta canasta de alimentos en un aporte econ\u00f3mico\nconcreto\u201d.<\/p>\n\n\n\n<p>Seg\u00fan el presidente de la Asociaci\u00f3n, est\u00e1 medida\npermite una reactivaci\u00f3n econ\u00f3mica a cada una de las provincias de la regi\u00f3n de\nMagallanes. \u201cEs perfectamente posible pensar en traducir el valor de la canasta\nde alimentos en un valor monetario que sea entregado en una tarjeta o en una\ngift card, para que la persona que la reciba pueda comprar en el comercio local\ncon esta tarjeta\u201d.<\/p>\n\n\n\n<p>Cabe se\u00f1alar que esta segunda entrega corresponde a 3\nmillones de nuevas canastas de alimentos, las que se sumar\u00e1n a las 2,6 millones\nentregadas en una primera etapa a nivel nacional. En este proceso las ayudas\nsociales corresponden a alimentos, art\u00edculos de aseo e higiene personal.<\/p>\n\n\n\n<p>Finalmente, la autoridad comunal y representante de\nlos municipios que conforman AMUMAG, valor\u00f3 el anuncio del Presidente de la\nRep\u00fablica y se\u00f1al\u00f3 que de no prosperar esta propuesta, como alcaldes de Magallanes\nest\u00e1n 100% disponibles para seguir apoyando la entrega de canastas. <\/p>\n","protected":false},"excerpt":{"rendered":"<p>Tras conocerse el anuncio de la segunda entrega de alimentos para chile, el alcalde de Natales y presidente de la Asociaci\u00f3nRegional de Municipalidades de Magallanes (AMUMAG), envi\u00f3 a la Intendencia&#8230; <a class=\"read-more\" href=\"https:\/\/www.radiopresidenteibanez.cl\/web\/amumag-presenta-propuestas-al-intendente-de-magallanes-para-efectuar-la-segunda-entrega-de-alimentos-en-la-region\/\">Leer m\u00e1s<\/a><\/p>\n","protected":false},"author":2,"featured_media":13367,"comment_status":"closed","ping_status":"closed","sticky":false,"template":"","format":"standard","meta":{"footnotes":""},"categories":[1],"tags":[],"class_list":["post-13366","post","type-post","status-publish","format-standard","has-post-thumbnail","hentry","category-cronica"],"_links":{"self":[{"href":"https:\/\/www.radiopresidenteibanez.cl\/web\/wp-json\/wp\/v2\/posts\/13366","targetHints":{"allow":["GET"]}}],"collection":[{"href":"https:\/\/www.radiopresidenteibanez.cl\/web\/wp-json\/wp\/v2\/posts"}],"about":[{"href":"https:\/\/www.radiopresidenteibanez.cl\/web\/wp-json\/wp\/v2\/types\/post"}],"author":[{"embeddable":true,"href":"https:\/\/www.radiopresidenteibanez.cl\/web\/wp-json\/wp\/v2\/users\/2"}],"replies":[{"embeddable":true,"href":"https:\/\/www.radiopresidenteibanez.cl\/web\/wp-json\/wp\/v2\/comments?post=13366"}],"version-history":[{"count":0,"href":"https:\/\/www.radiopresidenteibanez.cl\/web\/wp-json\/wp\/v2\/posts\/13366\/revisions"}],"wp:featuredmedia":[{"embeddable":true,"href":"https:\/\/www.radiopresidenteibanez.cl\/web\/wp-json\/wp\/v2\/media\/13367"}],"wp:attachment":[{"href":"https:\/\/www.radiopresidenteibanez.cl\/web\/wp-json\/wp\/v2\/media?parent=13366"}],"wp:term":[{"taxonomy":"category","embeddable":true,"href":"https:\/\/www.radiopresidenteibanez.cl\/web\/wp-json\/wp\/v2\/categories?post=13366"},{"taxonomy":"post_tag","embeddable":true,"href":"https:\/\/www.radiopresidenteibanez.cl\/web\/wp-json\/wp\/v2\/tags?post=13366"}],"curies":[{"name":"wp","href":"https:\/\/api.w.org\/{rel}","templated":true}]}}